{"id":2100,"date":"2011-03-18T13:12:31","date_gmt":"2011-03-18T12:12:31","guid":{"rendered":"http:\/\/lapecera.ch\/?p=2100"},"modified":"2011-03-18T13:12:31","modified_gmt":"2011-03-18T12:12:31","slug":"a-peticion-materna","status":"publish","type":"post","link":"https:\/\/blog.lapecera.ch\/?p=2100","title":{"rendered":"A petici\u00f3n materna"},"content":{"rendered":"<p>Ayer mi madre, en una conversaci\u00f3n telef\u00f3nica de 3 horas, me ech\u00f3 en cara que \u00faltimamente no escribo y s\u00f3lo pubilco <em>Teaser Tuesdays<\/em>, tambi\u00e9n conocido como &#8220;lo de los libros&#8221;, as\u00ed que aqu\u00ed estoy para contaros mi vida&#8230; xDD<\/p>\n<p>Empecemos por delante: <\/p>\n<p>Hace unas semanas Christoph tuvo la brillante idea de organizar un fin de semana en la monta\u00f1a con <em>Wanderung<\/em> y estancia en caba\u00f1ita para hacer con nuestros amigos de Basel. Coincidi\u00f3 que de los fines de semana que \u00e9l ofreci\u00f3 solo pod\u00edan los Valov@s (esto lo explico luego) el 5 y 6 de marzo, pero es que encima est\u00fapidamente yo hab\u00eda dado por bueno ese fin de semana sin fijarme que el 5 era mi examen oral de ingl\u00e9s&#8230; as\u00ed que al final en vez de un tour de dos d\u00edas, s\u00f3lo nos fuimos el domingo de parranda a la monta\u00f1a.<\/p>\n<p><a href=\"http:\/\/lapecera.ch\/say-cheese\"><img loading=\"lazy\" decoding=\"async\" src=\"http:\/\/lapecera.ch\/wp-content\/uploads\/2011\/03\/dsc05692-200x133.jpg\" alt=\"\" title=\"estamos sobre las nubes\" width=\"200\" height=\"133\" class=\"alignright size-medium wp-image-2106\" \/><\/a>El lugar: Langis, cerca del paso de monta\u00f1a Glaubenberg, en el cant\u00f3n Obwalden, el puto centro de Suiza \ud83d\ude1b El plan era seguir el <em>trail <\/em>que existe en la zona subir al J\u00e4nzi y luego bajar de vuelta a Langis a coger el bus. Por un peque\u00f1o error de c\u00e1lculo de Christoph y un par de mentirijillas que cuentan los que prepararon el trail, la hora que pensabamos que \u00edbamos a disfrutar en la terraza del restaurante tom\u00e1ndonos algo al sol del domingo, acabo siendo cinco minutos. El <em>trail <\/em>result\u00f3 ser m\u00e1s largo de lo que esper\u00e1bamos y a poco no llegamos a coger el bus de las 16:45. Por suerte, este punto y el hecho de que el trail result\u00f3 ser algo m\u00e1s duro de lo esperado, sobre todo por las prisas, no ha asustado a Vanesa y Stefan, aka los Valov@s, y han manifestado deseo e inter\u00e9s en volver a la monta\u00f1a con nosotros. \u00a1Menos mal! Ya pensaba yo que ten\u00edamos que volver a ponernos a buscar m\u00e1s compa\u00f1eros para tirar millas monta\u00f1eras. En total, el d\u00eda estuvo super bien, lo pasamos genial, tuvimos un solazo impresionante con sus buenos 15\u00b0C o m\u00e1s en algunos momentos, mientras toda la meseta suiza (ya sab\u00e9is, la Tierra Media) estaba sumergida en nubes. Yo, por mi parte, me sorprend\u00ed a m\u00ed misma encabezando la marcha con velocidades a veces de 5 km\/h cuesta arriba :O (lo dice el GPS :P). Claro que la marcha media fue de 2.4 km\/h xDDD<\/p>\n<p>\u00bfQu\u00e9 m\u00e1s? \u00a1Ah! El examen de ingl\u00e9s T-T El oral el d\u00eda 5 creo que sali\u00f3 bien, al menos, al final la palabra que yo pens\u00e9 que me hab\u00eda inventado, no me la invent\u00e9 (<em>patron saint<\/em>) y tampoco hice como mi compa\u00f1era de examen, que repiti\u00f3 lo menos cinco veces la palabra <em>comfortable <\/em>durante una de las discusiones que ten\u00edamos que tener. <\/p>\n<p>El escrito ya es otro cantar. El <em>Reading <\/em>era de una dificultad media, as\u00ed que digamos que m\u00e1s o menos, me sali\u00f3 bien. El <em>Writing<\/em> fue un poco aqu\u00ed-te-pillo-aqu\u00ed-te-mato. No hab\u00eda practicado y no sab\u00eda cu\u00e1nto ocupaban 220 palabras con mi letra en una hoja de papel, as\u00ed que estoy casi convencida de que escrib\u00ed m\u00e1s de la cuenta en la carta formal, pero oye, toqu\u00e9 todos los puntos \ud83d\ude1b El segundo ejercico ya fue otro cantar. Me empe\u00f1\u00e9 en que si me hab\u00edan hecho leer un rollo de libro tan grande como <em>Through a glass, darkly<\/em>, escribir\u00eda el <em>essay<\/em> sobre \u00e9l. Lo que yo no sab\u00eda es que me iban a poner como tema: &#8220;To what extend the environmental problems in <em>Through a glass, darkly<\/em> reflect the real-life environmental issues&#8221;, que traducido patateramente viene a decir &#8220;hasta que punto los problemas ambientales del libro se corresponden con los de la vida real&#8221;. Evidentemente me qued\u00e9 a cuadros, me pas\u00e9 pensando 10 minutos c\u00f3mo arreglarlo y al final acab\u00e9 sali\u00e9ndome por la tangente, como en el chiste de la hormiga v.v Por suerte, el <em>Use of English<\/em> fue m\u00e1s o menos f\u00e1cil, aunque el <em>Listening<\/em>&#8230; ejem&#8230; mejor lo dejo. En resumidas cuentas, creo que pa aprobar igual estoy, si no, la pr\u00f3xima vez que me pague la empresa por \u00e9l, que es mu caro \u00ac\u00ac<\/p>\n<p>Y poco m\u00e1s, en una semana estar\u00e9 volando a Madrid con nuevo color de pelo y probablemente una maleta medio vacia (para traerla de vuelta llena de libros xD). El fin de semana pasado visitamos a Sam, Herv\u00e9, Robin y Sophia (nacida el 24 de febrero) y este no hay planes especiales, aparte de ir a la pelu. Supongo que igual vamos a correr, si el tiempo mejora&#8230; <\/p>\n<p>\u00a1Ah! Antes de que se me olvide. En la secci\u00f3n de <a href=\"http:\/\/lapecera.ch\/say-cheese\">Fotos<\/a> est\u00e1n subidas todas las fotos de las vacaciones a Sri Lanka, el fin de semana de acampada \u00e1rtica de Christoph, las vacaciones en M\u00fcrren y el <em>Schneeschuhwanderung <\/em>con los Valov@s&#8230; \u00a1S\u00ed, al fin lo he hecho!<\/p>\n<p>\u00a1Hala, me voy a comer y leer!<\/p>\n<p>Con esto y un bizcocho&#8230; Besos<br \/>\nCris<\/p>\n","protected":false},"excerpt":{"rendered":"<p>Ayer mi madre, en una conversaci\u00f3n telef\u00f3nica de 3 horas, me ech\u00f3 en cara que \u00faltimamente no escribo y s\u00f3lo pubilco Teaser Tuesdays, tambi\u00e9n conocido como &#8220;lo de los libros&#8221;, as\u00ed que aqu\u00ed estoy para contaros mi vida&#8230; xDD Empecemos por delante: Hace unas semanas Christoph tuvo la brillante idea de organizar un fin de [&hellip;]<\/p>\n","protected":false},"author":3,"featured_media":0,"comment_status":"open","ping_status":"closed","sticky":false,"template":"","format":"standard","meta":{"footnotes":""},"categories":[],"tags":[],"class_list":["post-2100","post","type-post","status-publish","format-standard","hentry"],"_links":{"self":[{"href":"https:\/\/blog.lapecera.ch\/index.php?rest_route=\/wp\/v2\/posts\/2100","targetHints":{"allow":["GET"]}}],"collection":[{"href":"https:\/\/blog.lapecera.ch\/index.php?rest_route=\/wp\/v2\/posts"}],"about":[{"href":"https:\/\/blog.lapecera.ch\/index.php?rest_route=\/wp\/v2\/types\/post"}],"author":[{"embeddable":true,"href":"https:\/\/blog.lapecera.ch\/index.php?rest_route=\/wp\/v2\/users\/3"}],"replies":[{"embeddable":true,"href":"https:\/\/blog.lapecera.ch\/index.php?rest_route=%2Fwp%2Fv2%2Fcomments&post=2100"}],"version-history":[{"count":0,"href":"https:\/\/blog.lapecera.ch\/index.php?rest_route=\/wp\/v2\/posts\/2100\/revisions"}],"wp:attachment":[{"href":"https:\/\/blog.lapecera.ch\/index.php?rest_route=%2Fwp%2Fv2%2Fmedia&parent=2100"}],"wp:term":[{"taxonomy":"category","embeddable":true,"href":"https:\/\/blog.lapecera.ch\/index.php?rest_route=%2Fwp%2Fv2%2Fcategories&post=2100"},{"taxonomy":"post_tag","embeddable":true,"href":"https:\/\/blog.lapecera.ch\/index.php?rest_route=%2Fwp%2Fv2%2Ftags&post=2100"}],"curies":[{"name":"wp","href":"https:\/\/api.w.org\/{rel}","templated":true}]}}