{"id":2030,"date":"2011-01-27T17:45:26","date_gmt":"2011-01-27T16:45:26","guid":{"rendered":"http:\/\/lapecera.ch\/?p=2030"},"modified":"2011-01-27T17:45:26","modified_gmt":"2011-01-27T16:45:26","slug":"glee-y-la-filosofia","status":"publish","type":"post","link":"https:\/\/blog.lapecera.ch\/?p=2030","title":{"rendered":"Glee y la filosof\u00eda"},"content":{"rendered":"<p>\u00bfAlguien m\u00e1s piensa que <em>Glee<\/em> guarda dentro de s\u00ed una parodia sobre la sociedad americana y sus valores y que eso la hace tan buena? Porque yo lo \u00fanico que le encuentro a <em>Glee<\/em> es que como comedia de instituto es bastante mediocre y s\u00f3lo se salva por la pedazo de puesta en escena de las canciones&#8230; fO.o En fin&#8230; \u00a1Oh! Ya he visto el beso de <em>Castle<\/em> y me parece un buen comienzo&#8230; <em>It&#8217;s not about the books anymore<\/em> *_________* \u00a1Ains!<\/p>\n<p>Ayer el Profesor Stephane Garelli de la universidad de Lausanne, conocido internacionalmente como persona clave en el tema competitividad de las empresas y las naciones, vino a hacer una presentaci\u00f3n sobre esos temas en Avaloq, porque ayer era el d\u00eda de perder media ma\u00f1ana de presentaci\u00f3n en presentaci\u00f3n para ponernos al d\u00eda sobre la estrategia de la empresa. Por eso, nos organizaron presentaciones, una ponencia (del se\u00f1or este) y la comida \ud83d\ude42<\/p>\n<p>De las presentaciones de la empresa podr\u00eda haber pasado, porque por mucho que quieran internacionalizarse y hablar en ingl\u00e9s, son unos ponentes muy malos y aburridos. Nuestro CEO intent\u00f3 empezar con chistes, pero a las 8 y media de la ma\u00f1ana, no hace gracia que te intente hacer recordar los puntos importantes de la estrategia y de la visi\u00f3n 2014 a base de ejercicios de memoria (los pies eran la internalizaci\u00f3n porque vamos a pie hasta Singapur, las rodillas eran la estrategia <em>Go Front <\/em>porque no queremos tener que arrodillarnos frente al <em>frontoffice <\/em>y as\u00ed hasta llegar al pelo, el que lo tenga, claro \u00ac\u00ac). <\/p>\n<p>A la hora de comer comentando con mi <em>Lunch Group<\/em> sobre el tema, ellos comentaban que la presentaci\u00f3n que m\u00e1s les hab\u00eda gustado era la del EBIT. Yo casi me despe\u00f1o en los brazos de Morfeo, \u00bfqu\u00e9 quer\u00e9is que os diga? El ponente no era especialmente interesante y el tema no me dec\u00eda nada&#8230; Despu\u00e9s de que me repitieran cinco veces a lo largo de la ma\u00f1ana qu\u00e9 significa el acr\u00f3nimo (<em>Earnings Before Interests and Taxes<\/em>), que me echaran en cara que estudi\u00e9 econ\u00f3micas \u2013como si yo tuviera la culpa\u2013 y que yo misma hiciera una <em>full-text search<\/em> en el backup de mi cerebro que tard\u00f3 un par de horas, al fin consegu\u00ed recordar qu\u00e9 le\u00f1e era eso. De todas formas, el tema sigue sin interesarme. Para eso tenemos un CFO en la empresa&#8230; Poco puedo hacer yo preocup\u00e1ndome por esas cosas, \u00bfcomo si no tuviese yo ya suficiente con mi esquina del testing? \u00ac\u00ac<\/p>\n<p><img loading=\"lazy\" decoding=\"async\" src=\"http:\/\/lapecera.ch\/wp-content\/uploads\/2011\/01\/ipad-300x225.jpg\" alt=\"\" title=\"ipad\" width=\"300\" height=\"225\" class=\"alignright size-medium wp-image-2035\" srcset=\"https:\/\/blog.lapecera.ch\/wp-content\/uploads\/2011\/01\/ipad-300x225.jpg 300w, https:\/\/blog.lapecera.ch\/wp-content\/uploads\/2011\/01\/ipad-768x576.jpg 768w, https:\/\/blog.lapecera.ch\/wp-content\/uploads\/2011\/01\/ipad-1024x768.jpg 1024w\" sizes=\"auto, (max-width: 300px) 100vw, 300px\" \/>El caso es que la ponencia del sr. Garelli fue, no s\u00f3lo educativa, sino divertid\u00edsima. \u00bfOs pod\u00e9is imaginar a casi 400 personas descojon\u00e1ndose de risa en una presentaci\u00f3n sobre econom\u00eda? El momento \u00e1lgido de la presentaci\u00f3n, que dur\u00f3 una hora, fue cuando nos explic\u00f3 que el mundo actual se divid\u00eda entre los consumidores de los pa\u00edses de occidente que tienen la cultura del recambio, es decir, &#8220;tengo un tel\u00e9fono m\u00f3vil que funciona, pero me compro uno nuevo porque el nuevo modelo mola m\u00e1s&#8221;, y los consumidores de los pa\u00edses con econom\u00edas en crecimiento como China, Singapur y otros pa\u00edses asi\u00e1ticos, que en muchos casos, se comprar un m\u00f3vil por primera vez. Para ilustrarlo nos puso dos dibujos, uno dec\u00eda &#8220;I need it&#8221;, que ser\u00edan los asi\u00e1ticos, y el otro dec\u00eda &#8220;I want it&#8221;. Y en estas nos salta: &#8220;El mayor ejemplo de &#8220;lo quiero&#8221; es&#8230;&#8221; y el powerpoint nos presenta un iPad. El Pr. Garelli continua: &#8220;\u00bfQui\u00e9n es su sano juicio necesita un iPad? No puedes hacer llamadas, no tiene puerto USB, no tiene c\u00e1mara &#8211; En resumen, no sirve para nada, as\u00ed que no lo necesitas&#8230; PERO LO QUIERES&#8221;. En ese momento, todos los que all\u00ed estabamos escuchando al buen se\u00f1or, que ya estabamos parti\u00e9ndonos el culo, estallamos en aplausos, \u00a1qu\u00e9 gran verdad! xDDDDDDDDD<\/p>\n<p>En fin, la ponencia de ayer, junto a la de <a href=\"http:\/\/lapecera.ch\/2010\/05\/schools-kill-creativity\/\">Sir Ken Robinson del TED<\/a>, son las mejores que he visto en mi vida porque no s\u00f3lo me entretuve escuch\u00e1ndolos, sino que adem\u00e1s aprend\u00ed \ud83d\ude1b<\/p>\n<p>Y ahora, <em>lamendalerenda<\/em> se va a coger el tren con <em>The Maze Runner <\/em>debajo del brazo que se est\u00e1 poniendo interesante *___*<\/p>\n<p>Con esto y un bizcocho&#8230; Besos<br \/>\nCris<\/p>\n<p>PS: \u00bfC\u00f3mo de horroroso queda esto: <a href=\"http:\/\/lapecera.ch\/blog\/\" target=\"_blank\">http:\/\/lapecera.ch\/blog\/<\/a>? O.o<\/p>\n","protected":false},"excerpt":{"rendered":"<p>\u00bfAlguien m\u00e1s piensa que Glee guarda dentro de s\u00ed una parodia sobre la sociedad americana y sus valores y que eso la hace tan buena? Porque yo lo \u00fanico que le encuentro a Glee es que como comedia de instituto es bastante mediocre y s\u00f3lo se salva por la pedazo de puesta en escena de [&hellip;]<\/p>\n","protected":false},"author":3,"featured_media":0,"comment_status":"open","ping_status":"closed","sticky":false,"template":"","format":"standard","meta":{"footnotes":""},"categories":[],"tags":[],"class_list":["post-2030","post","type-post","status-publish","format-standard","hentry"],"_links":{"self":[{"href":"https:\/\/blog.lapecera.ch\/index.php?rest_route=\/wp\/v2\/posts\/2030","targetHints":{"allow":["GET"]}}],"collection":[{"href":"https:\/\/blog.lapecera.ch\/index.php?rest_route=\/wp\/v2\/posts"}],"about":[{"href":"https:\/\/blog.lapecera.ch\/index.php?rest_route=\/wp\/v2\/types\/post"}],"author":[{"embeddable":true,"href":"https:\/\/blog.lapecera.ch\/index.php?rest_route=\/wp\/v2\/users\/3"}],"replies":[{"embeddable":true,"href":"https:\/\/blog.lapecera.ch\/index.php?rest_route=%2Fwp%2Fv2%2Fcomments&post=2030"}],"version-history":[{"count":0,"href":"https:\/\/blog.lapecera.ch\/index.php?rest_route=\/wp\/v2\/posts\/2030\/revisions"}],"wp:attachment":[{"href":"https:\/\/blog.lapecera.ch\/index.php?rest_route=%2Fwp%2Fv2%2Fmedia&parent=2030"}],"wp:term":[{"taxonomy":"category","embeddable":true,"href":"https:\/\/blog.lapecera.ch\/index.php?rest_route=%2Fwp%2Fv2%2Fcategories&post=2030"},{"taxonomy":"post_tag","embeddable":true,"href":"https:\/\/blog.lapecera.ch\/index.php?rest_route=%2Fwp%2Fv2%2Ftags&post=2030"}],"curies":[{"name":"wp","href":"https:\/\/api.w.org\/{rel}","templated":true}]}}