{"id":2018,"date":"2011-01-26T14:09:41","date_gmt":"2011-01-26T13:09:41","guid":{"rendered":"http:\/\/lapecera.ch\/?p=2018"},"modified":"2011-01-26T14:09:41","modified_gmt":"2011-01-26T13:09:41","slug":"desafio-2011-leamosnos-el-arco-iris","status":"publish","type":"post","link":"https:\/\/blog.lapecera.ch\/?p=2018","title":{"rendered":"[Desaf\u00edo 2011] Le\u00e1mosnos el arco iris"},"content":{"rendered":"<p>Es un desaf\u00edo m\u00e1s simple que el de los 50 libros del a\u00f1o pasado y como este a\u00f1o necesito algo f\u00e1cil, me quedo con el de los colores xDDD<\/p>\n<p>El a\u00f1o pasado <a href=\"http:\/\/www.buchsaiten.de\" target=\"_blank\">Buchsaiten<\/a> organiz\u00f3 el <a href=\"http:\/\/www.buchsaiten.de\/?p=1843\" target=\"_blank\">Regenbogenlesen<\/a>&#8230; Yo me enter\u00e9 de que exist\u00eda en noviembre, as\u00ed que a falta de tiempo para hacerlo en 2010, me lo pido pal 2011. <a href=\"http:\/\/www.book-eater.net\/2011\/01\/desafio-libros-de-colores-2011.html\" target=\"_blank\">Book eater<\/a> organiza algo parecido, pero yo me quedo con el arco iris.<\/p>\n<p>El desaf\u00edo consiste en leerse libros que tengan portadas en los colores del arco iris.<br \/>\n<img loading=\"lazy\" decoding=\"async\" src=\"http:\/\/lapecera.ch\/wp-content\/uploads\/2011\/01\/Rainbow11.jpg\" alt=\"\" title=\"Rainbow11\" width=\"224\" height=\"184\" class=\"alignnone size-full wp-image-2027\" \/><\/p>\n<p>&#8211; <span style=\"color: #ff0000;\">Rojo<\/span> \u2013 <a href=\"http:\/\/www.goodreads.com\/book\/show\/7939682-how-to-train-your-dragon\" target=\"_blank\">How to train your dragon<\/a>, Cressida Crowell \u2013 <img loading=\"lazy\" decoding=\"async\" src=\"http:\/\/lapecera.ch\/wp-content\/uploads\/2011\/01\/star.png\" alt=\"\" title=\"star\" width=\"20\" height=\"20\" class=\"alignnone size-full wp-image-2746\" \/><img loading=\"lazy\" decoding=\"async\" src=\"http:\/\/lapecera.ch\/wp-content\/uploads\/2011\/01\/star.png\" alt=\"\" title=\"star\" width=\"20\" height=\"20\" class=\"alignnone size-full wp-image-2746\" \/><img loading=\"lazy\" decoding=\"async\" src=\"http:\/\/lapecera.ch\/wp-content\/uploads\/2011\/01\/star.png\" alt=\"\" title=\"star\" width=\"20\" height=\"20\" class=\"alignnone size-full wp-image-2746\" \/><img loading=\"lazy\" decoding=\"async\" src=\"http:\/\/lapecera.ch\/wp-content\/uploads\/2011\/01\/nostar.png\" alt=\"\" title=\"nostar\" width=\"20\" height=\"20\" class=\"alignnone size-full wp-image-2747\" \/><img loading=\"lazy\" decoding=\"async\" src=\"http:\/\/lapecera.ch\/wp-content\/uploads\/2011\/01\/nostar.png\" alt=\"\" title=\"nostar\" width=\"20\" height=\"20\" class=\"alignnone size-full wp-image-2747\" \/><br \/>\n&#8211; <span style=\"color: #ff6600;\">Naranja<\/span> \u2013 <a href=\"http:\/\/www.goodreads.com\/book\/show\/82434.Saving_Francesca\" target=\"_blank\">Saving Francesca<\/a>, Melina Marchetta \u2013 <img loading=\"lazy\" decoding=\"async\" src=\"http:\/\/lapecera.ch\/wp-content\/uploads\/2011\/01\/star.png\" alt=\"\" title=\"star\" width=\"20\" height=\"20\" class=\"alignnone size-full wp-image-2746\" \/><img loading=\"lazy\" decoding=\"async\" src=\"http:\/\/lapecera.ch\/wp-content\/uploads\/2011\/01\/star.png\" alt=\"\" title=\"star\" width=\"20\" height=\"20\" class=\"alignnone size-full wp-image-2746\" \/><img loading=\"lazy\" decoding=\"async\" src=\"http:\/\/lapecera.ch\/wp-content\/uploads\/2011\/01\/star.png\" alt=\"\" title=\"star\" width=\"20\" height=\"20\" class=\"alignnone size-full wp-image-2746\" \/><img loading=\"lazy\" decoding=\"async\" src=\"http:\/\/lapecera.ch\/wp-content\/uploads\/2011\/01\/star.png\" alt=\"\" title=\"star\" width=\"20\" height=\"20\" class=\"alignnone size-full wp-image-2746\" \/><img loading=\"lazy\" decoding=\"async\" src=\"http:\/\/lapecera.ch\/wp-content\/uploads\/2011\/01\/star.png\" alt=\"\" title=\"star\" width=\"20\" height=\"20\" class=\"alignnone size-full wp-image-2746\" \/><br \/>\n&#8211; <span style=\"color: #ffff00;background-color: #c83e22\">Amarillo<\/span> \u2013 <a href=\"http:\/\/www.goodreads.com\/book\/show\/7106180-sleepaway-girls\" target=\"_blank\">Sleepaway Girls<\/a>, Jen Calonita \u2013 <img loading=\"lazy\" decoding=\"async\" src=\"http:\/\/lapecera.ch\/wp-content\/uploads\/2011\/01\/star.png\" alt=\"\" title=\"star\" width=\"20\" height=\"20\" class=\"alignnone size-full wp-image-2746\" \/><img loading=\"lazy\" decoding=\"async\" src=\"http:\/\/lapecera.ch\/wp-content\/uploads\/2011\/01\/star.png\" alt=\"\" title=\"star\" width=\"20\" height=\"20\" class=\"alignnone size-full wp-image-2746\" \/><img loading=\"lazy\" decoding=\"async\" src=\"http:\/\/lapecera.ch\/wp-content\/uploads\/2011\/01\/halfstar_2.png\" alt=\"\" title=\"halfstar_2\" width=\"20\" height=\"20\" class=\"alignnone size-full wp-image-2748\" \/><img loading=\"lazy\" decoding=\"async\" src=\"http:\/\/lapecera.ch\/wp-content\/uploads\/2011\/01\/nostar.png\" alt=\"\" title=\"nostar\" width=\"20\" height=\"20\" class=\"alignnone size-full wp-image-2747\" \/><img loading=\"lazy\" decoding=\"async\" src=\"http:\/\/lapecera.ch\/wp-content\/uploads\/2011\/01\/nostar.png\" alt=\"\" title=\"nostar\" width=\"20\" height=\"20\" class=\"alignnone size-full wp-image-2747\" \/><br \/>\n&#8211; <span style=\"color: #339966;\">Verde<\/span> \u2013 <a href=\"http:\/\/www.goodreads.com\/book\/show\/8430916-where-i-belong\" target=\"_blank\">Where I belong<\/a>, Gwendolyn Heasley \u2013 <img loading=\"lazy\" decoding=\"async\" src=\"http:\/\/lapecera.ch\/wp-content\/uploads\/2011\/01\/star.png\" alt=\"\" title=\"star\" width=\"20\" height=\"20\" class=\"alignnone size-full wp-image-2746\" \/><img loading=\"lazy\" decoding=\"async\" src=\"http:\/\/lapecera.ch\/wp-content\/uploads\/2011\/01\/star.png\" alt=\"\" title=\"star\" width=\"20\" height=\"20\" class=\"alignnone size-full wp-image-2746\" \/><img loading=\"lazy\" decoding=\"async\" src=\"http:\/\/lapecera.ch\/wp-content\/uploads\/2011\/01\/star.png\" alt=\"\" title=\"star\" width=\"20\" height=\"20\" class=\"alignnone size-full wp-image-2746\" \/><img loading=\"lazy\" decoding=\"async\" src=\"http:\/\/lapecera.ch\/wp-content\/uploads\/2011\/01\/nostar.png\" alt=\"\" title=\"nostar\" width=\"20\" height=\"20\" class=\"alignnone size-full wp-image-2747\" \/><img loading=\"lazy\" decoding=\"async\" src=\"http:\/\/lapecera.ch\/wp-content\/uploads\/2011\/01\/nostar.png\" alt=\"\" title=\"nostar\" width=\"20\" height=\"20\" class=\"alignnone size-full wp-image-2747\" \/><br \/>\n&#8211; <span style=\"color: #3366ff;\">Azul<\/span> \u2013 <a href=\"http:\/\/www.goodreads.com\/book\/show\/9056010-if-i-stay\" target=\"_blank\">If I Stay<\/a>, Gayle Forman \u2013 <img loading=\"lazy\" decoding=\"async\" src=\"http:\/\/lapecera.ch\/wp-content\/uploads\/2011\/01\/star.png\" alt=\"\" title=\"star\" width=\"20\" height=\"20\" class=\"alignnone size-full wp-image-2746\" \/><img loading=\"lazy\" decoding=\"async\" src=\"http:\/\/lapecera.ch\/wp-content\/uploads\/2011\/01\/star.png\" alt=\"\" title=\"star\" width=\"20\" height=\"20\" class=\"alignnone size-full wp-image-2746\" \/><img loading=\"lazy\" decoding=\"async\" src=\"http:\/\/lapecera.ch\/wp-content\/uploads\/2011\/01\/star.png\" alt=\"\" title=\"star\" width=\"20\" height=\"20\" class=\"alignnone size-full wp-image-2746\" \/><img loading=\"lazy\" decoding=\"async\" src=\"http:\/\/lapecera.ch\/wp-content\/uploads\/2011\/01\/star.png\" alt=\"\" title=\"star\" width=\"20\" height=\"20\" class=\"alignnone size-full wp-image-2746\" \/><img loading=\"lazy\" decoding=\"async\" src=\"http:\/\/lapecera.ch\/wp-content\/uploads\/2011\/01\/halfstar_2.png\" alt=\"\" title=\"halfstar_2\" width=\"20\" height=\"20\" class=\"alignnone size-full wp-image-2748\" \/><br \/>\n&#8211; <span style=\"color: #000080;\">A\u00f1il<\/span> \u2013 <a href=\"http:\/\/www.goodreads.com\/book\/show\/1820716.Gut_gegen_Nordwind\" target=\"_blank\">Gut gegen Nordwind<\/a>, David Glattauer \u2013 <img loading=\"lazy\" decoding=\"async\" src=\"http:\/\/lapecera.ch\/wp-content\/uploads\/2011\/01\/star.png\" alt=\"\" title=\"star\" width=\"20\" height=\"20\" class=\"alignnone size-full wp-image-2746\" \/><img loading=\"lazy\" decoding=\"async\" src=\"http:\/\/lapecera.ch\/wp-content\/uploads\/2011\/01\/star.png\" alt=\"\" title=\"star\" width=\"20\" height=\"20\" class=\"alignnone size-full wp-image-2746\" \/><img loading=\"lazy\" decoding=\"async\" src=\"http:\/\/lapecera.ch\/wp-content\/uploads\/2011\/01\/nostar.png\" alt=\"\" title=\"nostar\" width=\"20\" height=\"20\" class=\"alignnone size-full wp-image-2747\" \/><img loading=\"lazy\" decoding=\"async\" src=\"http:\/\/lapecera.ch\/wp-content\/uploads\/2011\/01\/nostar.png\" alt=\"\" title=\"nostar\" width=\"20\" height=\"20\" class=\"alignnone size-full wp-image-2747\" \/><img loading=\"lazy\" decoding=\"async\" src=\"http:\/\/lapecera.ch\/wp-content\/uploads\/2011\/01\/nostar.png\" alt=\"\" title=\"nostar\" width=\"20\" height=\"20\" class=\"alignnone size-full wp-image-2747\" \/><br \/>\n&#8211; <span style=\"color: #800080;\">Violeta<\/span> \u2013 <a href=\"http:\/\/www.goodreads.com\/book\/show\/8235178-across-the-universe\" target=\"_blank\">Across the Universe<\/a>, Beth Revis \u2013 <img loading=\"lazy\" decoding=\"async\" src=\"http:\/\/lapecera.ch\/wp-content\/uploads\/2011\/01\/star.png\" alt=\"\" title=\"star\" width=\"20\" height=\"20\" class=\"alignnone size-full wp-image-2746\" \/><img loading=\"lazy\" decoding=\"async\" src=\"http:\/\/lapecera.ch\/wp-content\/uploads\/2011\/01\/star.png\" alt=\"\" title=\"star\" width=\"20\" height=\"20\" class=\"alignnone size-full wp-image-2746\" \/><img loading=\"lazy\" decoding=\"async\" src=\"http:\/\/lapecera.ch\/wp-content\/uploads\/2011\/01\/star.png\" alt=\"\" title=\"star\" width=\"20\" height=\"20\" class=\"alignnone size-full wp-image-2746\" \/><img loading=\"lazy\" decoding=\"async\" src=\"http:\/\/lapecera.ch\/wp-content\/uploads\/2011\/01\/star.png\" alt=\"\" title=\"star\" width=\"20\" height=\"20\" class=\"alignnone size-full wp-image-2746\" \/><img loading=\"lazy\" decoding=\"async\" src=\"http:\/\/lapecera.ch\/wp-content\/uploads\/2011\/01\/halfstar_2.png\" alt=\"\" title=\"halfstar_2\" width=\"20\" height=\"20\" class=\"alignnone size-full wp-image-2748\" \/><\/p>\n<p>Y as\u00ed comienza un nuevo a\u00f1o lleno de libros&#8230; Cuando se me acabe el arco iris, continuar\u00e9 con el resto de colores como Beleth xD<\/p>\n<p>Con esto y un bizcocho&#8230; Besos<br \/>\nCris<\/p>\n<p>PS: Esta semana no ha habido <em>Teaser Tuesday <\/em>simplemente porque no tuve tiempo de coger el libro que estoy leyendo, <em>The Maze Runner<\/em>, y copiar un par de l\u00edneas. De todas formas, fijo que la semana que viene sigo con el mismo libro \ud83d\ude1b<\/p>\n","protected":false},"excerpt":{"rendered":"<p>Es un desaf\u00edo m\u00e1s simple que el de los 50 libros del a\u00f1o pasado y como este a\u00f1o necesito algo f\u00e1cil, me quedo con el de los colores xDDD El a\u00f1o pasado Buchsaiten organiz\u00f3 el Regenbogenlesen&#8230; Yo me enter\u00e9 de que exist\u00eda en noviembre, as\u00ed que a falta de tiempo para hacerlo en 2010, me [&hellip;]<\/p>\n","protected":false},"author":3,"featured_media":0,"comment_status":"open","ping_status":"closed","sticky":false,"template":"","format":"standard","meta":{"footnotes":""},"categories":[],"tags":[],"class_list":["post-2018","post","type-post","status-publish","format-standard","hentry"],"_links":{"self":[{"href":"https:\/\/blog.lapecera.ch\/index.php?rest_route=\/wp\/v2\/posts\/2018","targetHints":{"allow":["GET"]}}],"collection":[{"href":"https:\/\/blog.lapecera.ch\/index.php?rest_route=\/wp\/v2\/posts"}],"about":[{"href":"https:\/\/blog.lapecera.ch\/index.php?rest_route=\/wp\/v2\/types\/post"}],"author":[{"embeddable":true,"href":"https:\/\/blog.lapecera.ch\/index.php?rest_route=\/wp\/v2\/users\/3"}],"replies":[{"embeddable":true,"href":"https:\/\/blog.lapecera.ch\/index.php?rest_route=%2Fwp%2Fv2%2Fcomments&post=2018"}],"version-history":[{"count":0,"href":"https:\/\/blog.lapecera.ch\/index.php?rest_route=\/wp\/v2\/posts\/2018\/revisions"}],"wp:attachment":[{"href":"https:\/\/blog.lapecera.ch\/index.php?rest_route=%2Fwp%2Fv2%2Fmedia&parent=2018"}],"wp:term":[{"taxonomy":"category","embeddable":true,"href":"https:\/\/blog.lapecera.ch\/index.php?rest_route=%2Fwp%2Fv2%2Fcategories&post=2018"},{"taxonomy":"post_tag","embeddable":true,"href":"https:\/\/blog.lapecera.ch\/index.php?rest_route=%2Fwp%2Fv2%2Ftags&post=2018"}],"curies":[{"name":"wp","href":"https:\/\/api.w.org\/{rel}","templated":true}]}}