{"id":2006,"date":"2011-01-18T17:22:16","date_gmt":"2011-01-18T16:22:16","guid":{"rendered":"http:\/\/lapecera.ch\/?p=2006"},"modified":"2011-01-18T17:22:16","modified_gmt":"2011-01-18T16:22:16","slug":"teaser-tuesday-x-when-you-reach-me","status":"publish","type":"post","link":"https:\/\/blog.lapecera.ch\/?p=2006","title":{"rendered":"Teaser Tuesday X: When you reach me"},"content":{"rendered":"<table style=\"border:1px solid #c83e22; width: 98%\">\n<tr>\n<td><strong>\u00bfEn qu\u00e9 consiste <em>Teaser Tuesday<\/em>?<\/strong> Muy simple:<br \/>\n&#8211; Coge el libro que est\u00e9s leyendo<br \/>\n&#8211; \u00c1brelo por una p\u00e1gina al azar<br \/>\n&#8211; Cuelga en tu blog 2 frases cualquiera de esa p\u00e1gina a modo de <em>teaser trailer<\/em> (como los de las pel\u00edculas xD) <strong>\u00a1\u00a1\u00a1CUIDADO CON LOS SPOILERS!!! <\/strong> Procura que lo que cuelgues no le estropee la sorpresa a otros lectores.<br \/>\n&#8211; Comparte tambi\u00e9n el t\u00edtulo y autor del libro para que los que participen puedan incluir el libro en sus listas de pendientes, si el <em>teaser <\/em>les parece interesante \ud83d\ude09<\/tr>\n<\/td>\n<\/table>\n<p>Empezamos el a\u00f1o de <em>Teaser Tuesdays <\/em>con otro libro m\u00e1s en ingl\u00e9s. Su versi\u00f3n en espa\u00f1ol sali\u00f3 en la editorial Molino en noviembre del a\u00f1o pasado&#8230; Ganador de un prestigioso premio, de momento, es, como buen ganador de un premio prestigioso, diferente, pero s\u00f3lo llevo 20 p\u00e1ginas xDD<\/p>\n<p><strong><span style=\"font-size:120%\">When you reach me (Cuando me alcances)<\/span><br \/>\nRebecca Stead<\/strong><\/p>\n<p><img loading=\"lazy\" decoding=\"async\" src=\"http:\/\/lapecera.ch\/wp-content\/uploads\/2011\/01\/whenyoureachme-198x300.jpg\" alt=\"\" title=\"whenyoureachme\" width=\"198\" height=\"300\" class=\"alignnone size-medium wp-image-2007\" \/><\/p>\n<blockquote><p>She was right. It was backwards. But somewhere in my head a tiny bell started ringing. I didn&#8217;t even notice it at first. <span style=\"font-size: 75%\">(Ten\u00eda raz\u00f3n. Estaba al rev\u00e9s. Pero en alg\u00fan lugar de mi cabeza una peque\u00f1a campana empez\u00f3 a sonar. Al principio no lo not\u00e9 siquiera &#8211; \u00a1Que vivan yo y mis traducciones! v.v)<\/span><br \/>\nP\u00e1g. 61<\/p><\/blockquote>\n<p>Como dec\u00eda ayer, la entrada sobre las vacaciones va viento en popa, que no a toda vela&#8230; y las fotos siguen en la camara&#8230; y la &#8220;vuelta al cole&#8221; sigue siendo dura, \u00a1qu\u00e9 ganas tengo de que llegue el viernes, por dios!<\/p>\n<p>Con esto y un bizcocho&#8230; Besos<br \/>\nCris<\/p>\n","protected":false},"excerpt":{"rendered":"<p>\u00bfEn qu\u00e9 consiste Teaser Tuesday? Muy simple: &#8211; Coge el libro que est\u00e9s leyendo &#8211; \u00c1brelo por una p\u00e1gina al azar &#8211; Cuelga en tu blog 2 frases cualquiera de esa p\u00e1gina a modo de teaser trailer (como los de las pel\u00edculas xD) \u00a1\u00a1\u00a1CUIDADO CON LOS SPOILERS!!! Procura que lo que cuelgues no le estropee [&hellip;]<\/p>\n","protected":false},"author":3,"featured_media":0,"comment_status":"open","ping_status":"closed","sticky":false,"template":"","format":"standard","meta":{"footnotes":""},"categories":[],"tags":[],"class_list":["post-2006","post","type-post","status-publish","format-standard","hentry"],"_links":{"self":[{"href":"https:\/\/blog.lapecera.ch\/index.php?rest_route=\/wp\/v2\/posts\/2006","targetHints":{"allow":["GET"]}}],"collection":[{"href":"https:\/\/blog.lapecera.ch\/index.php?rest_route=\/wp\/v2\/posts"}],"about":[{"href":"https:\/\/blog.lapecera.ch\/index.php?rest_route=\/wp\/v2\/types\/post"}],"author":[{"embeddable":true,"href":"https:\/\/blog.lapecera.ch\/index.php?rest_route=\/wp\/v2\/users\/3"}],"replies":[{"embeddable":true,"href":"https:\/\/blog.lapecera.ch\/index.php?rest_route=%2Fwp%2Fv2%2Fcomments&post=2006"}],"version-history":[{"count":0,"href":"https:\/\/blog.lapecera.ch\/index.php?rest_route=\/wp\/v2\/posts\/2006\/revisions"}],"wp:attachment":[{"href":"https:\/\/blog.lapecera.ch\/index.php?rest_route=%2Fwp%2Fv2%2Fmedia&parent=2006"}],"wp:term":[{"taxonomy":"category","embeddable":true,"href":"https:\/\/blog.lapecera.ch\/index.php?rest_route=%2Fwp%2Fv2%2Fcategories&post=2006"},{"taxonomy":"post_tag","embeddable":true,"href":"https:\/\/blog.lapecera.ch\/index.php?rest_route=%2Fwp%2Fv2%2Ftags&post=2006"}],"curies":[{"name":"wp","href":"https:\/\/api.w.org\/{rel}","templated":true}]}}