{"id":1974,"date":"2010-12-21T10:31:15","date_gmt":"2010-12-21T09:31:15","guid":{"rendered":"http:\/\/lapecera.ch\/?p=1974"},"modified":"2010-12-21T10:31:15","modified_gmt":"2010-12-21T09:31:15","slug":"teaser-tuesday-ix","status":"publish","type":"post","link":"https:\/\/blog.lapecera.ch\/?p=1974","title":{"rendered":"Teaser Tuesday IX: Smaragdgr\u00fcn"},"content":{"rendered":"<table style=\"border:1px solid #c83e22; width: 98%\">\n<tr>\n<td><strong>\u00bfEn qu\u00e9 consiste <em>Teaser Tuesday<\/em>?<\/strong> Muy simple:<br \/>\n&#8211; Coge el libro que est\u00e9s leyendo<br \/>\n&#8211; \u00c1brelo por una p\u00e1gina al azar<br \/>\n&#8211; Cuelga en tu blog 2 frases cualquiera de esa p\u00e1gina a modo de <em>teaser trailer<\/em> (como los de las pel\u00edculas xD) <strong>\u00a1\u00a1\u00a1CUIDADO CON LOS SPOILERS!!! <\/strong> Procura que lo que cuelgues no le estropee la sorpresa a otros lectores.<br \/>\n&#8211; Comparte tambi\u00e9n el t\u00edtulo y autor del libro para que los que participen puedan incluir el libro en sus listas de pendientes, si el <em>teaser <\/em>les parece interesante \ud83d\ude09<\/tr>\n<\/td>\n<\/table>\n<p>Despu\u00e9s de acabar con el dolor de muelas, digo, con Carlos Ruiz Zaf\u00f3n, me he propuesto leer <em>Smaragdgr\u00fcn <\/em>antes de irme de vacaciones para no tener que cargar con sus casi 500 p\u00e1ginas en la maleta (aparte de que tengo miedo de estropear el libro, con lo bonito que es *____*). Me quedan 5 d\u00edas, 2 fiestas de guardar, un par de maletas que hacer y 25.5 horas de trabajo que cumplir (el 24 lo compenso y me dedico a la colada v.v). No s\u00e9 yo si lo conseguir\u00e9, pero de momento ya voy por el cap\u00edtulo 4, p\u00e1gina 114 ^____^ \u00a1Ah! Ayer le\u00ed <em>Regalo sorpresa (Re-gifters)<\/em>, uno de los c\u00f3mics que acaba de sacar SM en su colecci\u00f3n Gran Angular y me ha encantado. La rese\u00f1a la leer\u00e9is en febrero en el n\u00famero 20 de El Templo \ud83d\ude09 Y ahora sin m\u00e1s dilaci\u00f3n, el \u00faltimo <em>Teaser Tuesday <\/em>del a\u00f1o \ud83d\ude42<\/p>\n<p><strong><span style=\"font-size:120%\">Smaragdgr\u00fcn<\/span><br \/>\nKerstin Gier<\/strong><\/p>\n<p><img loading=\"lazy\" decoding=\"async\" src=\"http:\/\/lapecera.ch\/wp-content\/uploads\/2010\/12\/smaragdgrun-146x200.jpg\" alt=\"\" title=\"smaragdgrun\" width=\"146\" height=\"200\" class=\"alignnone size-medium wp-image-1975\" \/><\/p>\n<blockquote><p>Jetzt musste Tante Maddy auch noch eine Vision haben. Ich hatte ihr weder von dem Ball erz\u00e4hlt noch von der Farbe des Ballkleides. <span style=\"font-size:75%\">(Ahora T\u00eda Maddy ten\u00eda que tener una visi\u00f3n. No le hab\u00eda contando nada del baile ni del color del vestido)<\/span><br \/>\nP\u00e1g. 147<\/p><\/blockquote>\n<p>Mi lista de libros para llevarme a las vacaciones est\u00e1 casi lista o al menos se ha reducido considerablemente. Dudo sobre el t\u00edtulo en alem\u00e1n. En ingl\u00e9s lo tengo muy claro: <em><a href=\"http:\/\/www.goodreads.com\/book\/show\/6936382-anna-and-the-french-kiss\" target=\"_blank\">Anna and the French Kiss<\/a><\/em> de Stephanie Perkins y probablemente, <em><a href=\"http:\/\/www.goodreads.com\/book\/show\/5287473-hex-hall\" target=\"_blank\">Hex Hall<\/a><\/em> de Rachel Hawkins. En alem\u00e1n estoy discutiendo conmigo misma sobre si quiero llevarme <em><a href=\"http:\/\/www.goodreads.com\/book\/show\/8064750-das-spiel\" target=\"_blank\">Das Tal<\/a><\/em> de Krystyna Kuhn o <em><a href=\"http:\/\/www.goodreads.com\/book\/show\/8471245-tage-wie-diese\" target=\"_blank\">Tage wie diese<\/a><\/em> de Lauren Myracle, Maureen Johnson y John Green, pero con este \u00faltimo tengo el problema de que no se me apetece leer relatos de Navidad e invierno a 28\u00b0 en la playa xDDD Igual lo dejo para enero. Aparte tambi\u00e9n tengo que llevarme el libro para el CAE, <a href=\"http:\/\/www.goodreads.com\/book\/show\/68095.Through_a_Glass_Darkly\" target=\"_blank\"><em>Through a glass darkly<\/em><\/a> de Donna Leone, una de las historias del comisario Brunetti, a pesar de que no me atrae nada de nada v.v<\/p>\n<p>Y ahora os dejo&#8230; Me voy a escribir una rese\u00f1a, mientras trabajo&#8230;<\/p>\n<p>Con esto y un bizcocho&#8230; Besos<br \/>\nCris<\/p>\n<p>PS: Por cierto, la encuesta a la izquierda de la pantalla se cerrar\u00e1 el 31 de diciembre, as\u00ed que si todav\u00eda no hab\u00e9is dado vuestra opini\u00f3n sobre los temas que predominar\u00e1n en La Pecera o ten\u00e9is alguna sugerencia que hacer, todav\u00eda est\u00e1is a tiempo \ud83d\ude42<\/p>\n","protected":false},"excerpt":{"rendered":"<p>\u00bfEn qu\u00e9 consiste Teaser Tuesday? Muy simple: &#8211; Coge el libro que est\u00e9s leyendo &#8211; \u00c1brelo por una p\u00e1gina al azar &#8211; Cuelga en tu blog 2 frases cualquiera de esa p\u00e1gina a modo de teaser trailer (como los de las pel\u00edculas xD) \u00a1\u00a1\u00a1CUIDADO CON LOS SPOILERS!!! Procura que lo que cuelgues no le estropee [&hellip;]<\/p>\n","protected":false},"author":3,"featured_media":0,"comment_status":"open","ping_status":"closed","sticky":false,"template":"","format":"standard","meta":{"footnotes":""},"categories":[],"tags":[],"class_list":["post-1974","post","type-post","status-publish","format-standard","hentry"],"_links":{"self":[{"href":"https:\/\/blog.lapecera.ch\/index.php?rest_route=\/wp\/v2\/posts\/1974","targetHints":{"allow":["GET"]}}],"collection":[{"href":"https:\/\/blog.lapecera.ch\/index.php?rest_route=\/wp\/v2\/posts"}],"about":[{"href":"https:\/\/blog.lapecera.ch\/index.php?rest_route=\/wp\/v2\/types\/post"}],"author":[{"embeddable":true,"href":"https:\/\/blog.lapecera.ch\/index.php?rest_route=\/wp\/v2\/users\/3"}],"replies":[{"embeddable":true,"href":"https:\/\/blog.lapecera.ch\/index.php?rest_route=%2Fwp%2Fv2%2Fcomments&post=1974"}],"version-history":[{"count":0,"href":"https:\/\/blog.lapecera.ch\/index.php?rest_route=\/wp\/v2\/posts\/1974\/revisions"}],"wp:attachment":[{"href":"https:\/\/blog.lapecera.ch\/index.php?rest_route=%2Fwp%2Fv2%2Fmedia&parent=1974"}],"wp:term":[{"taxonomy":"category","embeddable":true,"href":"https:\/\/blog.lapecera.ch\/index.php?rest_route=%2Fwp%2Fv2%2Fcategories&post=1974"},{"taxonomy":"post_tag","embeddable":true,"href":"https:\/\/blog.lapecera.ch\/index.php?rest_route=%2Fwp%2Fv2%2Ftags&post=1974"}],"curies":[{"name":"wp","href":"https:\/\/api.w.org\/{rel}","templated":true}]}}