{"id":1966,"date":"2010-12-23T16:10:10","date_gmt":"2010-12-23T15:10:10","guid":{"rendered":"http:\/\/lapecera.ch\/?p=1966"},"modified":"2010-12-23T16:10:10","modified_gmt":"2010-12-23T15:10:10","slug":"hallelujah","status":"publish","type":"post","link":"https:\/\/blog.lapecera.ch\/?p=1966","title":{"rendered":"Hallelujah"},"content":{"rendered":"<p>\u00a1Disfrutad de las fiestas, del turr\u00f3n, los mazapanes, el champ\u00e1n, los langostinos, los regalos de Reyes, la compa\u00f1\u00eda de la familia y todas esas cosas que definen las Navidades!<\/p>\n<p><object width=\"560\" height=\"340\"><param name=\"movie\" value=\"http:\/\/www.youtube.com\/v\/SXh7JR9oKVE?fs=1&amp;hl=de_DE&amp;color1=0x5d1719&amp;color2=0xcd311b\"><\/param><param name=\"allowFullScreen\" value=\"true\"><\/param><param name=\"allowscriptaccess\" value=\"always\"><\/param><embed src=\"http:\/\/www.youtube.com\/v\/SXh7JR9oKVE?fs=1&amp;hl=de_DE&amp;color1=0x5d1719&amp;color2=0xcd311b\" type=\"application\/x-shockwave-flash\" allowscriptaccess=\"always\" allowfullscreen=\"true\" width=\"560\" height=\"340\"><\/embed><\/object><\/p>\n<p>\u00a1Felices fiestas! \u00a1Que teng\u00e1is una buena entrada en el A\u00f1o Nuevo! Seguimos ley\u00e9ndonos en el 2011 \ud83d\ude09<\/p>\n<p><a href=\"http:\/\/lapecera.ch\/wp-content\/uploads\/2010\/12\/mafalda.jpg\" rel=\"example3\" title=\"Miguelito, Susanita, Libertad, Mafalda, Manolito, Guille, Felipito y papalbinita os desean felices fiestas ^____^\"><img loading=\"lazy\" decoding=\"async\" src=\"http:\/\/lapecera.ch\/wp-content\/uploads\/2010\/12\/mafalda-300x133.jpg\" alt=\"\" title=\"mafalda\" width=\"300\" height=\"133\" class=\"alignnone size-medium wp-image-1985\" style=\"border:solid 1px #c83e22\" \/><\/a><\/p>\n<p>Y ahora le echamos el candado a esto hasta el a\u00f1o que viene y nos vamos a hacer las maletas, cantar villancicos y comer <em>fondue chinoise<\/em> \ud83d\ude09<\/p>\n<p>Con esto y un bizcocho&#8230; Besos<br \/>\nCris<\/p>\n","protected":false},"excerpt":{"rendered":"<p>\u00a1Disfrutad de las fiestas, del turr\u00f3n, los mazapanes, el champ\u00e1n, los langostinos, los regalos de Reyes, la compa\u00f1\u00eda de la familia y todas esas cosas que definen las Navidades! \u00a1Felices fiestas! \u00a1Que teng\u00e1is una buena entrada en el A\u00f1o Nuevo! Seguimos ley\u00e9ndonos en el 2011 \ud83d\ude09 Y ahora le echamos el candado a esto hasta [&hellip;]<\/p>\n","protected":false},"author":3,"featured_media":0,"comment_status":"open","ping_status":"closed","sticky":false,"template":"","format":"standard","meta":{"footnotes":""},"categories":[],"tags":[],"class_list":["post-1966","post","type-post","status-publish","format-standard","hentry"],"_links":{"self":[{"href":"https:\/\/blog.lapecera.ch\/index.php?rest_route=\/wp\/v2\/posts\/1966","targetHints":{"allow":["GET"]}}],"collection":[{"href":"https:\/\/blog.lapecera.ch\/index.php?rest_route=\/wp\/v2\/posts"}],"about":[{"href":"https:\/\/blog.lapecera.ch\/index.php?rest_route=\/wp\/v2\/types\/post"}],"author":[{"embeddable":true,"href":"https:\/\/blog.lapecera.ch\/index.php?rest_route=\/wp\/v2\/users\/3"}],"replies":[{"embeddable":true,"href":"https:\/\/blog.lapecera.ch\/index.php?rest_route=%2Fwp%2Fv2%2Fcomments&post=1966"}],"version-history":[{"count":0,"href":"https:\/\/blog.lapecera.ch\/index.php?rest_route=\/wp\/v2\/posts\/1966\/revisions"}],"wp:attachment":[{"href":"https:\/\/blog.lapecera.ch\/index.php?rest_route=%2Fwp%2Fv2%2Fmedia&parent=1966"}],"wp:term":[{"taxonomy":"category","embeddable":true,"href":"https:\/\/blog.lapecera.ch\/index.php?rest_route=%2Fwp%2Fv2%2Fcategories&post=1966"},{"taxonomy":"post_tag","embeddable":true,"href":"https:\/\/blog.lapecera.ch\/index.php?rest_route=%2Fwp%2Fv2%2Ftags&post=1966"}],"curies":[{"name":"wp","href":"https:\/\/api.w.org\/{rel}","templated":true}]}}