{"id":1961,"date":"2010-12-16T16:57:17","date_gmt":"2010-12-16T15:57:17","guid":{"rendered":"http:\/\/lapecera.ch\/?p=1961"},"modified":"2010-12-16T16:57:17","modified_gmt":"2010-12-16T15:57:17","slug":"zafonemos-un-poco","status":"publish","type":"post","link":"https:\/\/blog.lapecera.ch\/?p=1961","title":{"rendered":"Zafonemos un poco"},"content":{"rendered":"<p>Llevo 10 d\u00edas cargando con <em>El Palacio de la Medianoche<\/em> palante y patr\u00e1s, con una velocidad lectora de unas 5 p\u00e1ginas por viaje de tren&#8230; \u00a1Es terrible! \u00a1Qu\u00e9 rollo de libro! \u00bfPero por qu\u00e9? \u00bfEs que fui a agarrar el peor libro de Carlos Ruiz Zaf\u00f3n o qu\u00e9? De mano, su estilo no me gusta&#8230; pero de ah\u00ed a que sea infumable&#8230; <\/p>\n<p><b>\u00a1Aviso! Estoy a punto de soltar spoilers&#8230; as\u00ed que qui\u00e9n no haya le\u00eddo el libro y todav\u00eda tenga inter\u00e9s (lo cual no puedo entender, en serio), deber\u00eda dejar la entrada aqu\u00ed xDDD <\/b><\/p>\n<p><a href=\"http:\/\/lapecera.ch\/wp-content\/uploads\/2010\/12\/medianoche.jpg\" rel=\"example3\"><img loading=\"lazy\" decoding=\"async\" src=\"http:\/\/lapecera.ch\/wp-content\/uploads\/2010\/12\/medianoche-129x200.jpg\" alt=\"\" title=\"medianoche\" width=\"129\" height=\"200\" class=\"alignright size-medium wp-image-1954\" \/><\/a>Estoy a unas 40 p\u00e1ginas de acabar el libro y no le encuentro el punto a la historia. Cuando iba por la p\u00e1gina 200 o por ah\u00ed, Christoph me pregunt\u00f3 de qu\u00e9 iba el libro y no supe qu\u00e9 contestarle. Vale que soy un desastre haciendo res\u00famenes, pero es que esta vez no ten\u00eda ni idea de qu\u00e9 trataba la historia. S\u00f3lo ten\u00eda a los chicos del orfanato, los gemelos y su abuela y a un fantasma de fuego por ah\u00ed danzando, que todo el mundo pensaba que era un persona (exactamente porqu\u00e9, es un misterio) y ning\u00fan nexo de uni\u00f3n&#8230; Y la verdad es que si no llega la abuela de los muchachos a contar toda su vida y la de su yerno, hubiese sido imposible enterarse de algo. <\/p>\n<p>Y a todo esto: \u00bfpor qu\u00e9 toda la informaci\u00f3n vital e importante la reciben de la se\u00f1ora esta? \u00bfA nadie le pareci\u00f3 extra\u00f1o que ella tuviera esa\/tanta informaci\u00f3n, si dice que no ten\u00eda una relaci\u00f3n cercana a su yerno (y lo de su vida pasada y el oficial ingl\u00e9s, no es para contarlo as\u00ed como as\u00ed a alguien con quien no tienes confianza y mucho menos a la suegra fO.o)? El primer cuento parece puesto ah\u00ed simplemente para que los chicos tengan algo con qu\u00e9 marear la perdiz durante el d\u00eda, pa que luego ella llegue por la noche y les desvele el gran misterio&#8230; Y cuanto llegu\u00e9 a este punto me dije: &#8220;Perdone, se\u00f1ora, pero, \u00bfde d\u00f3nde ha sacado usted lo del fantasma? \u00bfHa contactado con una pitonisa, con otro muerto, con Rappel?&#8221;.<\/p>\n<p><strong>Fin de los spoilers&#8230; Probablemente \ud83d\ude1b<\/strong><\/p>\n<p>Probablemente el mayor problema que tiene el libro, ni siquiera es del propio libro, sino m\u00edo por leerlo tan despacio, pero si no me invita a seguir con la lectura, \u00bfigual no soy yo? De todas formas, el misterio, los enigmas y el ritmo del libro est\u00e1 muy cogido por los pelos. Si este hombre, como dicen por ah\u00ed, repite siempre el mismo esquema en sus obras, mucho, mucho ha tenido que mejorar para que <i>La sombra del viento<\/i> se convirtiese en semejante \u00e9xito internacional, aunque igual la fama es tirando a infundada. En fin, ya veremos, el libro lo tengo en pendientes (ahora me interesa para comprobar si Cronista tiene raz\u00f3n xDDDD).<\/p>\n<p>Dejando a Zaf\u00f3n de lado y a la espera de acabar con esto para poder pillar <em>Smaragdgr\u00fcn <\/em>de una vez y alg\u00fan otro m\u00e1s (<em>Anna and the French Kiss<\/em> *____*), he intentado leer <em>The Maze Runner <\/em>para hacer una rese\u00f1a para el Templo. Lo prepar\u00e9 el s\u00e1bado para meterlo en el bolso y leerlo esta semana en el tren, en vez del que comento en la entrada, se sobreentiende. Hoy es jueves y van cuatro d\u00edas olvid\u00e1ndomelo en casa. No he sido capaz ni de llegar a meterlo en el bolso fO.o \u00a1Adios, rese\u00f1a, que el Templo sale dentro de unos d\u00edas! T______T<\/p>\n<p>Necesito. Vacaciones. Urgentemente &#8211; Quedan. S\u00f3lo. Diez. D\u00edas &#8211; y todav\u00eda no s\u00e9 qu\u00e9 voy a llevarme ni de libros ni de ropa, \u00a1qu\u00e9 estr\u00e9s! T-T<\/p>\n<p>En fin&#8230; Os voy dejando, me voy a ir pa casina dentro de poquito que me caigo de sue\u00f1o y afuera hace mucho fr\u00edo >.<\n\nCon esto y un bizcocho... Besos\nCris\n\nPS: Por si alguien estaba interesado, cosa que dudo, el traje de esquiar ya tiene due\u00f1o... Se va a las Alemanias, al puto centro de Ingelheim xDDD\n<\/p>\n","protected":false},"excerpt":{"rendered":"<p>Llevo 10 d\u00edas cargando con El Palacio de la Medianoche palante y patr\u00e1s, con una velocidad lectora de unas 5 p\u00e1ginas por viaje de tren&#8230; \u00a1Es terrible! \u00a1Qu\u00e9 rollo de libro! \u00bfPero por qu\u00e9? \u00bfEs que fui a agarrar el peor libro de Carlos Ruiz Zaf\u00f3n o qu\u00e9? De mano, su estilo no me gusta&#8230; [&hellip;]<\/p>\n","protected":false},"author":3,"featured_media":0,"comment_status":"open","ping_status":"closed","sticky":false,"template":"","format":"standard","meta":{"footnotes":""},"categories":[],"tags":[],"class_list":["post-1961","post","type-post","status-publish","format-standard","hentry"],"_links":{"self":[{"href":"https:\/\/blog.lapecera.ch\/index.php?rest_route=\/wp\/v2\/posts\/1961","targetHints":{"allow":["GET"]}}],"collection":[{"href":"https:\/\/blog.lapecera.ch\/index.php?rest_route=\/wp\/v2\/posts"}],"about":[{"href":"https:\/\/blog.lapecera.ch\/index.php?rest_route=\/wp\/v2\/types\/post"}],"author":[{"embeddable":true,"href":"https:\/\/blog.lapecera.ch\/index.php?rest_route=\/wp\/v2\/users\/3"}],"replies":[{"embeddable":true,"href":"https:\/\/blog.lapecera.ch\/index.php?rest_route=%2Fwp%2Fv2%2Fcomments&post=1961"}],"version-history":[{"count":0,"href":"https:\/\/blog.lapecera.ch\/index.php?rest_route=\/wp\/v2\/posts\/1961\/revisions"}],"wp:attachment":[{"href":"https:\/\/blog.lapecera.ch\/index.php?rest_route=%2Fwp%2Fv2%2Fmedia&parent=1961"}],"wp:term":[{"taxonomy":"category","embeddable":true,"href":"https:\/\/blog.lapecera.ch\/index.php?rest_route=%2Fwp%2Fv2%2Fcategories&post=1961"},{"taxonomy":"post_tag","embeddable":true,"href":"https:\/\/blog.lapecera.ch\/index.php?rest_route=%2Fwp%2Fv2%2Ftags&post=1961"}],"curies":[{"name":"wp","href":"https:\/\/api.w.org\/{rel}","templated":true}]}}