{"id":194,"date":"2008-10-06T18:06:00","date_gmt":"2008-10-06T16:06:00","guid":{"rendered":"http:\/\/lapecera.ch\/?p=194"},"modified":"2008-10-06T18:06:00","modified_gmt":"2008-10-06T16:06:00","slug":"el-senor-de-landskron","status":"publish","type":"post","link":"https:\/\/blog.lapecera.ch\/?p=194","title":{"rendered":"El se\u00f1or de Landskron"},"content":{"rendered":"<p><a href=\"http:\/\/www.lapecera.ch\/uploaded_images\/DSC00088-762314.JPG\" rel=\"example3\"><img decoding=\"async\" style=\"float:left; margin:0 10px 10px 0;cursor:pointer; cursor:hand;\" src=\"http:\/\/www.lapecera.ch\/uploaded_images\/DSC00088-762011.JPG\" border=\"0\" alt=\"\" \/><\/a> El domingo Christoph hicimos una peque\u00f1a excursi\u00f3n a las ruinas de Landskron en Leymen (FR). Nos pillamos el tram 10 que nos dej\u00f3 en Francia O.O y subiendo por una colinilla entre un bosque de casta\u00f1os o algo parecido, soy mal\u00edsima reconociendo \u00e1rboles (y p\u00e1jaros, setas, acentos&#8230;), llegamos a las ruinas. Est\u00e1n mejor conservadas que las de Dorneck y se puede subir a la torre que sigue en pie y se tiene una vista maravillosa de Basel, Baselbiet y la Alsacia. La pena es que no lleve c\u00e1mara de fotos (no se pa que la quiero v.v), pero el m\u00f3vil de Christoph tambi\u00e9n sirve. <\/p>\n<p>El sabado era la despedida de soltera de Kat, pero decidimos quedarnos en casa por dos razones: est\u00e1bamos muertos de cansancio y era la \u00fanica noche que Chris pasaba en casa antes de volver a la mili. No hicimos nada especial: nos pasamos la noche viendo cap\u00edtulos de &#8220;Veronica Mars&#8221; xD S\u00ed, la serie mola, Kristen Bell me encanta y adoro al osito Wallace, pero despu\u00e9s de 17 cap\u00edtulos ya me empieza a cansar, quiz\u00e1 porque los he visto dentro de dos semanas ^_^ Por cierto, Hermes, \u00bfacaso dudabas que a\u00fan no hubiese visto &#8220;Heroes&#8221;? Esta genial, pero me parece fatal lo que Peter le ha hecho a Peter y lo de Suresh me temo que va a tener algo que ver con la visi\u00f3n del futuro de Hiro. Tengo el cap\u00edtulo 3 esperando en casa, a ver si hoy puedo verlo ^_^ <\/p>\n<p>Aparte de eso, el pr\u00f3ximo s\u00e1bado tengo clase de canto y he decidido cambiar la canci\u00f3n. Subestim\u00e9 &#8220;Mercy&#8221;, as\u00ed que ahora voy directamente a por una que me parece dif\u00edcil: &#8220;Almost lover&#8221; de A fine frenzy, a la que por cierto voy a ir a ver de nuevo en concierto en noviembre. Las entradas para Amy McDonald est\u00e1n <em>sold out<\/em> y Jason Mraz se me pas\u00f3 T-T as\u00ed que me voy de nuevo a ver a Alison Sudol ^_^ Por cierto, hablando de la hadita del pop: \u00bfhabeis escuchado su disco? \u00bfQu\u00e9 canci\u00f3n os gusta m\u00e1s? Yo he descubierto esta semana que no solo &#8220;The minnow and the trout&#8221; es maravillosa, sino tambi\u00e9n &#8220;Near to you&#8221;. En cuanto llegue a casa y pueda copiar y pegar edito y os cuelgo la canci\u00f3n. Es tan bonita *_*<\/p>\n<p>Y ahora os dejo. Me voy a una charla sobre Test management y analisis de riesgos en Basel \ud83d\ude1b Espero que merezca la pena v.v<\/p>\n<p>Con esto y un bizcocho&#8230; Besos<br \/>Cris<\/p>\n","protected":false},"excerpt":{"rendered":"<p>El domingo Christoph hicimos una peque\u00f1a excursi\u00f3n a las ruinas de Landskron en Leymen (FR). Nos pillamos el tram 10 que nos dej\u00f3 en Francia O.O y subiendo por una colinilla entre un bosque de casta\u00f1os o algo parecido, soy mal\u00edsima reconociendo \u00e1rboles (y p\u00e1jaros, setas, acentos&#8230;), llegamos a las ruinas. Est\u00e1n mejor conservadas que [&hellip;]<\/p>\n","protected":false},"author":3,"featured_media":0,"comment_status":"open","ping_status":"closed","sticky":false,"template":"","format":"standard","meta":{"footnotes":""},"categories":[],"tags":[],"class_list":["post-194","post","type-post","status-publish","format-standard","hentry"],"_links":{"self":[{"href":"https:\/\/blog.lapecera.ch\/index.php?rest_route=\/wp\/v2\/posts\/194","targetHints":{"allow":["GET"]}}],"collection":[{"href":"https:\/\/blog.lapecera.ch\/index.php?rest_route=\/wp\/v2\/posts"}],"about":[{"href":"https:\/\/blog.lapecera.ch\/index.php?rest_route=\/wp\/v2\/types\/post"}],"author":[{"embeddable":true,"href":"https:\/\/blog.lapecera.ch\/index.php?rest_route=\/wp\/v2\/users\/3"}],"replies":[{"embeddable":true,"href":"https:\/\/blog.lapecera.ch\/index.php?rest_route=%2Fwp%2Fv2%2Fcomments&post=194"}],"version-history":[{"count":0,"href":"https:\/\/blog.lapecera.ch\/index.php?rest_route=\/wp\/v2\/posts\/194\/revisions"}],"wp:attachment":[{"href":"https:\/\/blog.lapecera.ch\/index.php?rest_route=%2Fwp%2Fv2%2Fmedia&parent=194"}],"wp:term":[{"taxonomy":"category","embeddable":true,"href":"https:\/\/blog.lapecera.ch\/index.php?rest_route=%2Fwp%2Fv2%2Fcategories&post=194"},{"taxonomy":"post_tag","embeddable":true,"href":"https:\/\/blog.lapecera.ch\/index.php?rest_route=%2Fwp%2Fv2%2Ftags&post=194"}],"curies":[{"name":"wp","href":"https:\/\/api.w.org\/{rel}","templated":true}]}}