{"id":1904,"date":"2010-12-02T15:39:59","date_gmt":"2010-12-02T14:39:59","guid":{"rendered":"http:\/\/lapecera.ch\/?p=1904"},"modified":"2010-12-02T15:39:59","modified_gmt":"2010-12-02T14:39:59","slug":"downsizing-iii-temporada-de-esqui-alpino","status":"publish","type":"post","link":"https:\/\/blog.lapecera.ch\/?p=1904","title":{"rendered":"Downsizing III: Temporada de esqu\u00ed alpino"},"content":{"rendered":"<p>Se vende (o se regala) al mejor postor (aka el\/la  que primero me lo quite de encima) traje de esqu\u00ed, pantalones y chaqueta, de la marca Mistral, talla 38 (tambi\u00e9n es posible adquirirlos por separado), apenas utilizado. Para m\u00e1s detalles, v\u00e9ase el modelo:<\/p>\n<p><a href=\"http:\/\/lapecera.ch\/wp-content\/uploads\/2010\/11\/DSCN3739.jpg\" rel=\"example3\" title=\"\u00a1M\u00edrala que chula ella! \u00bfLa conoc\u00e9is?\"><img loading=\"lazy\" decoding=\"async\" src=\"http:\/\/lapecera.ch\/wp-content\/uploads\/2010\/11\/DSCN3739-150x200.jpg\" alt=\"\" title=\"DSCN3739\" width=\"150\" height=\"200\" class=\"alignnone size-medium wp-image-1905\" \/><\/a><\/p>\n<p>\u00a1Hala, ah\u00ed lo dejo! \ud83d\ude09<\/p>\n<p>Con esto y un bizcocho&#8230; Besos<br \/>\nCris<\/p>\n","protected":false},"excerpt":{"rendered":"<p>Se vende (o se regala) al mejor postor (aka el\/la que primero me lo quite de encima) traje de esqu\u00ed, pantalones y chaqueta, de la marca Mistral, talla 38 (tambi\u00e9n es posible adquirirlos por separado), apenas utilizado. Para m\u00e1s detalles, v\u00e9ase el modelo: \u00a1Hala, ah\u00ed lo dejo! \ud83d\ude09 Con esto y un bizcocho&#8230; Besos Cris<\/p>\n","protected":false},"author":3,"featured_media":0,"comment_status":"open","ping_status":"closed","sticky":false,"template":"","format":"standard","meta":{"footnotes":""},"categories":[],"tags":[],"class_list":["post-1904","post","type-post","status-publish","format-standard","hentry"],"_links":{"self":[{"href":"https:\/\/blog.lapecera.ch\/index.php?rest_route=\/wp\/v2\/posts\/1904","targetHints":{"allow":["GET"]}}],"collection":[{"href":"https:\/\/blog.lapecera.ch\/index.php?rest_route=\/wp\/v2\/posts"}],"about":[{"href":"https:\/\/blog.lapecera.ch\/index.php?rest_route=\/wp\/v2\/types\/post"}],"author":[{"embeddable":true,"href":"https:\/\/blog.lapecera.ch\/index.php?rest_route=\/wp\/v2\/users\/3"}],"replies":[{"embeddable":true,"href":"https:\/\/blog.lapecera.ch\/index.php?rest_route=%2Fwp%2Fv2%2Fcomments&post=1904"}],"version-history":[{"count":0,"href":"https:\/\/blog.lapecera.ch\/index.php?rest_route=\/wp\/v2\/posts\/1904\/revisions"}],"wp:attachment":[{"href":"https:\/\/blog.lapecera.ch\/index.php?rest_route=%2Fwp%2Fv2%2Fmedia&parent=1904"}],"wp:term":[{"taxonomy":"category","embeddable":true,"href":"https:\/\/blog.lapecera.ch\/index.php?rest_route=%2Fwp%2Fv2%2Fcategories&post=1904"},{"taxonomy":"post_tag","embeddable":true,"href":"https:\/\/blog.lapecera.ch\/index.php?rest_route=%2Fwp%2Fv2%2Ftags&post=1904"}],"curies":[{"name":"wp","href":"https:\/\/api.w.org\/{rel}","templated":true}]}}