{"id":190,"date":"2008-09-23T20:00:00","date_gmt":"2008-09-23T18:00:00","guid":{"rendered":"http:\/\/lapecera.ch\/?p=190"},"modified":"2008-09-23T20:00:00","modified_gmt":"2008-09-23T18:00:00","slug":"el-otro-miyazaki","status":"publish","type":"post","link":"https:\/\/blog.lapecera.ch\/?p=190","title":{"rendered":"El otro Miyazaki"},"content":{"rendered":"<p>El sabado en el cumplea\u00f1os de Christoph, Miguel, el novio de la hermana de Tatiana, me preguntaba si me gustaba el anime despu\u00e9s de ver el p\u00f3ster de &#8220;La princesa Mononoke&#8221; que tengo colgado en la habitaci\u00f3n de invitados. La verdad es que, si me paro a pensar, mis experiencias con el anime se reducen a las series de Telecinco de los 90 (donde &#8220;Raqueta de oro&#8221;, &#8220;Los caballeros del Zodiaco&#8221; y &#8220;Supercampeones&#8221; eran mis favoritas), &#8220;Akira&#8221; y los estudios Ghibli, mejor dicho, Hayao Miyazaki. En los \u00faltimos 10 a\u00f1os no he vuelto a ver m\u00e1s dibujo japon\u00e9s que el de la factor\u00eda de Miyazaki. A Miguel le contest\u00e9 que s\u00ed, pero deber\u00eda haber precisado.<\/p>\n<p><a href=\"http:\/\/www.lapecera.ch\/uploaded_images\/Gedo6sn-749030.jpg\" rel=\"example3\"><img decoding=\"async\" style=\"float:left; margin:0 10px 10px 0;cursor:pointer; cursor:hand;\" src=\"http:\/\/www.lapecera.ch\/uploaded_images\/Gedo6sn-748960.jpg\" border=\"0\" alt=\"\" \/><\/a>Hablando de Miyazaki, el otro d\u00eda me compr\u00e9 por internet &#8220;Gedo Senki&#8221; o &#8220;Tales from Earthsea&#8221; escrita y dirigida por el hijo de Miyazaki, Goro. La historia se basa en la saga de Terramar de Ursula K. LeGuin, o eso dicen. Solo he le\u00eddo el primer libro y el Ged de la peli me decepcion\u00f3 un poco mucho. La verdad es que Goro no es Hayao y le falta mucho para llegar a la calidad m\u00e1gica de su padre. Sin embargo, conf\u00edo en que llegar\u00e1 lejos porque, si bien &#8220;Gedo Senki&#8221; me parecio demasiado larga y aburrida, ten\u00eda algo de Miyazaki que me hace tener esperanzas de que puede ser un digno sucesor del trabajo de su se\u00f1or padre. De mano la caratula de la pel\u00edcula es <span style=\"font-style:italic;\">pesiosa<\/span>, \u00bfa qu\u00e9 s\u00ed?&#8230; Si ten\u00e9is la oportunidad de verla, dadme vuestra opini\u00f3n, porfaplis.<\/p>\n<p>Ayer consegu\u00ed ver al fin &#8220;Iron man&#8221; para acabar s\u00faper decepcionada. Demasiado larga y un superh\u00e9roe aburrido. Eso s\u00ed, Gwyneth Paltrow me sigue encantando ^_^ (\u00a1pero qu\u00e9 mona est\u00e1 de pelirroja!).<\/p>\n<p>Ahora solo me queda tener tiempo pa ir al cine a ver &#8220;The Dark Lord&#8221;, &#8220;Wall-E&#8221; o &#8220;Wanted&#8221; v.v<\/p>\n<p>\u00a1Hala, hasta otra!<\/p>\n<p>Con esto y un bizcocho&#8230; Besos<br \/>Cris<\/p>\n","protected":false},"excerpt":{"rendered":"<p>El sabado en el cumplea\u00f1os de Christoph, Miguel, el novio de la hermana de Tatiana, me preguntaba si me gustaba el anime despu\u00e9s de ver el p\u00f3ster de &#8220;La princesa Mononoke&#8221; que tengo colgado en la habitaci\u00f3n de invitados. La verdad es que, si me paro a pensar, mis experiencias con el anime se reducen [&hellip;]<\/p>\n","protected":false},"author":3,"featured_media":0,"comment_status":"open","ping_status":"closed","sticky":false,"template":"","format":"standard","meta":{"footnotes":""},"categories":[],"tags":[],"class_list":["post-190","post","type-post","status-publish","format-standard","hentry"],"_links":{"self":[{"href":"https:\/\/blog.lapecera.ch\/index.php?rest_route=\/wp\/v2\/posts\/190","targetHints":{"allow":["GET"]}}],"collection":[{"href":"https:\/\/blog.lapecera.ch\/index.php?rest_route=\/wp\/v2\/posts"}],"about":[{"href":"https:\/\/blog.lapecera.ch\/index.php?rest_route=\/wp\/v2\/types\/post"}],"author":[{"embeddable":true,"href":"https:\/\/blog.lapecera.ch\/index.php?rest_route=\/wp\/v2\/users\/3"}],"replies":[{"embeddable":true,"href":"https:\/\/blog.lapecera.ch\/index.php?rest_route=%2Fwp%2Fv2%2Fcomments&post=190"}],"version-history":[{"count":0,"href":"https:\/\/blog.lapecera.ch\/index.php?rest_route=\/wp\/v2\/posts\/190\/revisions"}],"wp:attachment":[{"href":"https:\/\/blog.lapecera.ch\/index.php?rest_route=%2Fwp%2Fv2%2Fmedia&parent=190"}],"wp:term":[{"taxonomy":"category","embeddable":true,"href":"https:\/\/blog.lapecera.ch\/index.php?rest_route=%2Fwp%2Fv2%2Fcategories&post=190"},{"taxonomy":"post_tag","embeddable":true,"href":"https:\/\/blog.lapecera.ch\/index.php?rest_route=%2Fwp%2Fv2%2Ftags&post=190"}],"curies":[{"name":"wp","href":"https:\/\/api.w.org\/{rel}","templated":true}]}}