{"id":189,"date":"2008-09-22T18:50:00","date_gmt":"2008-09-22T16:50:00","guid":{"rendered":"http:\/\/lapecera.ch\/?p=189"},"modified":"2008-09-22T18:50:00","modified_gmt":"2008-09-22T16:50:00","slug":"eclipses-y-demas-fenomenos-astronomicos","status":"publish","type":"post","link":"https:\/\/blog.lapecera.ch\/?p=189","title":{"rendered":"Eclipses y demas fen\u00f3menos astron\u00f3micos"},"content":{"rendered":"<p>\u00bfAlguien sabe qu\u00e9 le\u00f1es es Eclipse? Aparte de un fen\u00f3meno astron\u00f3mico en el que un cuerpo celeste se interpone en el haz de luz de otro cuerpo celeste, claro. Hoy intent\u00e9 entenderlo en mi primera hora del curso sobre ADT (Avaloq Development Tool), pero renunci\u00e9 cinco segundos despu\u00e9s de que Pascal empezase a explicarnoslo v.v<\/p>\n<p>Este fin de semana fue el cumplea\u00f1os de Christoph e hicimos una peque\u00f1a party en casa. Hubo comida, bebida y whities (como no). Y el que se llev\u00f3 la mayor decepci\u00f3n fue Janis porque no cantamos &#8220;Cumplea\u00f1os feliz&#8221; xDD<\/p>\n<p>Hoy en la empresa, despu\u00e9s del curso, he empezado a escribir mi primer &#8220;test plan&#8221;, aunque m\u00e1s que escribir, lo que he hecho es copiar y pegar ^_^ Ma\u00f1ana tengo la reuni\u00f3n con mi jefa sobre los objetivos del &#8220;Probezeit&#8221;. Probablemente ma\u00f1ana tenga noticias sobre mis vacaciones de Navidad y sobre la cena internacional. <\/p>\n<p>Aparte de las tonter\u00edas t\u00edpicas de empezar a trabajar, me he pasado las ultimas semanas disfrutando de la serie &#8220;Terminator: the Sarah Connor Chronicles&#8221;, que si os gusta la trilog\u00eda, os encantar\u00e1 la serie. A pesar de que al principio me cost\u00f3 acostumbrarme a la nueva Sarah Connor (desde mi punto de vista es demasiado guapa), el robot de la serie, Cameron (Summer Glau), me encanta y se agradece un cambio, que el Schwarzenegger ya me ten\u00eda hasta las narices. Anteayer vimos el segundo cap\u00edtulo de la segunda temporada. Hoy ponen el tercero en la televisi\u00f3n americana, ma\u00f1ana intentar\u00e9 bajarmelo *_* y entre tanto, estoy mirando a ver que otra serie me podr\u00eda comprar porque por las noches no tengo tiempo para ver pel\u00edculas&#8230; \u00bfAlguna recomendaci\u00f3n?Por cierto, acabo de enterarme: la tercera temporada de &#8220;Heroes&#8221; empieza hoy con un cap\u00edtulo de dos horas, \u00a1yipi!<\/p>\n<p>Ahora mismo ya no me acuerdo de si quer\u00eda contaros algo mas v.v bueno, da igual, lo dejo para la pr\u00f3xima entrada \ud83d\ude09<\/p>\n<p>Con esto y un bizcocho&#8230; Besos<br \/>Cris<\/p>\n","protected":false},"excerpt":{"rendered":"<p>\u00bfAlguien sabe qu\u00e9 le\u00f1es es Eclipse? Aparte de un fen\u00f3meno astron\u00f3mico en el que un cuerpo celeste se interpone en el haz de luz de otro cuerpo celeste, claro. Hoy intent\u00e9 entenderlo en mi primera hora del curso sobre ADT (Avaloq Development Tool), pero renunci\u00e9 cinco segundos despu\u00e9s de que Pascal empezase a explicarnoslo v.v [&hellip;]<\/p>\n","protected":false},"author":3,"featured_media":0,"comment_status":"open","ping_status":"closed","sticky":false,"template":"","format":"standard","meta":{"footnotes":""},"categories":[],"tags":[],"class_list":["post-189","post","type-post","status-publish","format-standard","hentry"],"_links":{"self":[{"href":"https:\/\/blog.lapecera.ch\/index.php?rest_route=\/wp\/v2\/posts\/189","targetHints":{"allow":["GET"]}}],"collection":[{"href":"https:\/\/blog.lapecera.ch\/index.php?rest_route=\/wp\/v2\/posts"}],"about":[{"href":"https:\/\/blog.lapecera.ch\/index.php?rest_route=\/wp\/v2\/types\/post"}],"author":[{"embeddable":true,"href":"https:\/\/blog.lapecera.ch\/index.php?rest_route=\/wp\/v2\/users\/3"}],"replies":[{"embeddable":true,"href":"https:\/\/blog.lapecera.ch\/index.php?rest_route=%2Fwp%2Fv2%2Fcomments&post=189"}],"version-history":[{"count":0,"href":"https:\/\/blog.lapecera.ch\/index.php?rest_route=\/wp\/v2\/posts\/189\/revisions"}],"wp:attachment":[{"href":"https:\/\/blog.lapecera.ch\/index.php?rest_route=%2Fwp%2Fv2%2Fmedia&parent=189"}],"wp:term":[{"taxonomy":"category","embeddable":true,"href":"https:\/\/blog.lapecera.ch\/index.php?rest_route=%2Fwp%2Fv2%2Fcategories&post=189"},{"taxonomy":"post_tag","embeddable":true,"href":"https:\/\/blog.lapecera.ch\/index.php?rest_route=%2Fwp%2Fv2%2Ftags&post=189"}],"curies":[{"name":"wp","href":"https:\/\/api.w.org\/{rel}","templated":true}]}}