{"id":188,"date":"2008-09-18T18:03:00","date_gmt":"2008-09-18T16:03:00","guid":{"rendered":"http:\/\/lapecera.ch\/?p=188"},"modified":"2008-09-18T18:03:00","modified_gmt":"2008-09-18T16:03:00","slug":"va-de-cumpleanos-y-objetos-perdidos","status":"publish","type":"post","link":"https:\/\/blog.lapecera.ch\/?p=188","title":{"rendered":"Va de cumplea\u00f1os&#8230; y objetos perdidos"},"content":{"rendered":"<p>El fin de semana era la fiesta de verano de Avaloq pero el tiempo estaba tan malo y B\u00fclach estaba tan lejos que decidimos qiedarnos en casa e ir a la cena en casa de los Silvi@s (si me lee Silvia me mata xD) tranquilamente y no a prisa y corriendo como hubiese pasado de haber ido a B\u00fclach. <\/p>\n<p><a href=\"http:\/\/www.lapecera.ch\/uploaded_images\/photo-742270-742316-775517.jpg\" rel=\"example3\"><img decoding=\"async\" style=\"float:right; margin:0 0 10px 10px;cursor:pointer; cursor:hand;\" src=\"http:\/\/www.lapecera.ch\/uploaded_images\/photo-742270-742316-775476.jpg\" border=\"0\" alt=\"\" \/><\/a>Esta semana es la semana de los cumplea\u00f1os. Cada d\u00eda cumple a\u00f1os alguien que conozco, poniendo Christoph la guinda sobre el pastel este s\u00e1bado. Ayer Christin cumpli\u00f3 33 y estuvimos en su casa despu\u00e9s del trabajo (hoy no hab\u00eda quien me sacase de la cama T-T). Ma\u00f1ana mi primi hace 26 y el lunes ser\u00e1 Sam. El s\u00e1bado tenemos fiesta en casa. Creo que se me olvidar\u00e1 felicitar a alguien, \u00a1fijo! <\/p>\n<p>Y aparte de eso, ayer perd\u00ed mis guantes chachiguays con Windstopper. Voy a ver si hoy puedo comprarme unos que a las 7 de la ma\u00f1ana estamos \u00faltimamente a 4 graditos y mis manos sufren mucho v.v <\/p>\n<p>En el trabajo estoy aprendiendo mucho, incluso demasiado, tanto que mi cabeza apenas da a vasto. La semana que viene tengo una reuni\u00f3n con mi jefa para fijar los objetivos de mi tiempo de prueba&#8230; Ya os contar\u00e9 m\u00e0s ^_^ <\/p>\n<p>Poco m\u00e1s tengo que contaros. \u00a1Ah! Lo de la foto es una ara\u00f1ona que apareci\u00f3 en casa de Silvia, mientras preparaban la cena. Su novio, Silvio (de ah\u00ed lo de los Silvi@s), la encerro dentro de una caja y la sac\u00f3 al jard\u00edn&#8230; Espero que no regresase :S <\/p>\n<p>Con esto y un bizcocho&#8230; Besos<br \/>Cris<\/p>\n<p>@Emma: No, tu hermano no se me ha olvidado xDDD Y la foto acabo de subirla que, cuando estaba editando la entrada, se me colg\u00f3 el iPhone y se fueron todas las modificaciones a freir esp\u00e1rragos \u00ac\u00ac<\/p>\n","protected":false},"excerpt":{"rendered":"<p>El fin de semana era la fiesta de verano de Avaloq pero el tiempo estaba tan malo y B\u00fclach estaba tan lejos que decidimos qiedarnos en casa e ir a la cena en casa de los Silvi@s (si me lee Silvia me mata xD) tranquilamente y no a prisa y corriendo como hubiese pasado de [&hellip;]<\/p>\n","protected":false},"author":3,"featured_media":0,"comment_status":"open","ping_status":"closed","sticky":false,"template":"","format":"standard","meta":{"footnotes":""},"categories":[],"tags":[],"class_list":["post-188","post","type-post","status-publish","format-standard","hentry"],"_links":{"self":[{"href":"https:\/\/blog.lapecera.ch\/index.php?rest_route=\/wp\/v2\/posts\/188","targetHints":{"allow":["GET"]}}],"collection":[{"href":"https:\/\/blog.lapecera.ch\/index.php?rest_route=\/wp\/v2\/posts"}],"about":[{"href":"https:\/\/blog.lapecera.ch\/index.php?rest_route=\/wp\/v2\/types\/post"}],"author":[{"embeddable":true,"href":"https:\/\/blog.lapecera.ch\/index.php?rest_route=\/wp\/v2\/users\/3"}],"replies":[{"embeddable":true,"href":"https:\/\/blog.lapecera.ch\/index.php?rest_route=%2Fwp%2Fv2%2Fcomments&post=188"}],"version-history":[{"count":0,"href":"https:\/\/blog.lapecera.ch\/index.php?rest_route=\/wp\/v2\/posts\/188\/revisions"}],"wp:attachment":[{"href":"https:\/\/blog.lapecera.ch\/index.php?rest_route=%2Fwp%2Fv2%2Fmedia&parent=188"}],"wp:term":[{"taxonomy":"category","embeddable":true,"href":"https:\/\/blog.lapecera.ch\/index.php?rest_route=%2Fwp%2Fv2%2Fcategories&post=188"},{"taxonomy":"post_tag","embeddable":true,"href":"https:\/\/blog.lapecera.ch\/index.php?rest_route=%2Fwp%2Fv2%2Ftags&post=188"}],"curies":[{"name":"wp","href":"https:\/\/api.w.org\/{rel}","templated":true}]}}