{"id":1866,"date":"2010-11-23T13:07:58","date_gmt":"2010-11-23T12:07:58","guid":{"rendered":"http:\/\/lapecera.ch\/?p=1866"},"modified":"2010-11-23T13:07:58","modified_gmt":"2010-11-23T12:07:58","slug":"la-musica-es-mi-voz","status":"publish","type":"post","link":"https:\/\/blog.lapecera.ch\/?p=1866","title":{"rendered":"La m\u00fasica es mi voz"},"content":{"rendered":"<p>\u00bfOs acordais que el otro d\u00eda os contaba que hab\u00eda estado de tiendas buscando <a href=\"http:\/\/lapecera.ch\/2010\/11\/el-futuro\/\" target=\"_blank\">algo &#8220;festivo-elegante&#8221;<\/a> para la cena de Navidad de Avaloq y que no hab\u00eda encontrado nada? Pues ayer me fui en busca de unas medias gorditas de color carne para no morir congelada el viernes con <a href=\"http:\/\/lapecera.ch\/lapecera.ch\/fotoblog\/oviedo\/DSC01123.JPG\" rel=\"example3\" title=\"reciclado de la boda de Taty, el bautizo de mis sobrinos, la boda de Silvia, etc\u00e9tera, etc\u00e9tera\">mi <em>outfit<\/em> reciclado<\/a>&#8230; y volv\u00ed pa casa con 300 francos menos. <\/p>\n<p>\u00bfEn medias?, me preguntareis&#8230; En parte, s\u00ed, porque en este pa\u00eds las medias, si las quieres de calidad, son caras \u00ac\u00ac Aunque tambi\u00e9n es verdad que no s\u00f3lo me compr\u00e9 un par de medias de color carne, sino tambi\u00e9n unos leggings en rosa y unas medias gorditas en color burdeos *____* De todas formas, menos mal que existe <a href=\"http:\/\/www.falke.com\" target=\"_blank\">Falke<\/a> y que no ten\u00edan las que yo buscaba de la marca <a href=\"http:\/\/www.wolford.com\" target=\"_blank\">Wolford<\/a> porque, si no, hoy estar\u00eda llorando por los rincones (75 francos por unas medias de 50 den, \u00bfmande? \u00bfTienen calefacci\u00f3n interna o algo?). En fin, el caso es que yo ten\u00eda en mente comprarme unos pantalones de vestir para no tener que ir con falda a la cena, ergo congelarme. El problema es que la combinaci\u00f3n que yo me hab\u00eda hecho en mi cabeza usando la online shop de Esprit no me quedaba bien, as\u00ed que el plan B.1 se frustra y hay que volver a la idea original. Eso s\u00ed, me he comprado unos pantalones de pana ajustaditos pal fr\u00edo que viene estos d\u00edas (va a empezar a nevar en cualquier momento) y un top mon\u00edsimo de la muerte para la otra cena de Navidad, la de Swisscom, que ah\u00ed son m\u00e1s <em>casual<\/em> xDD La otra opci\u00f3n, aka plan B.2, era encontrar un top\/camiseta\/camisa negro para con la falda color crema, pero eso tampoco fue posible, as\u00ed que acab\u00e9 pill\u00e1ndome una chaquetita negra en Esprit (que adem\u00e1s me sali\u00f3 a mitad de precio), que da el pego como &#8220;festivo-elegante&#8221;. <\/p>\n<p><a href=\"http:\/\/skia.deviantart.com\/\" target=\"_blank\"><img loading=\"lazy\" decoding=\"async\" src=\"http:\/\/lapecera.ch\/wp-content\/uploads\/2010\/11\/Efnir_the_Musician_by_Skia-200x178.jpg\" alt=\"\" title=\"Efnir_the_Musician_by_Skia\" width=\"200\" height=\"178\" class=\"alignright size-medium wp-image-1867\" \/><\/a>En mi periplo por las tiendas de Z\u00fcrich, o sea, Esprit, Mango, Zara, sal\u00ed escaldada musicalmente hablando (bueno, y monetariamente, \u00a1qu\u00e9 le\u00f1e!), as\u00ed que no puedo m\u00e1s que darle en parte la raz\u00f3n a C\u00e9sar Mallorqu\u00ed que <a href=\"http:\/\/fraternidadbabel.blogspot.com\/2010\/11\/contra-la-musica.html\" target=\"_blank\">ayer se quejaba de la contaminaci\u00f3n sonora\/musical<\/a>. Vale, estoy m\u00e1s o menos como \u00e9l en lo que a ser musical se refiere, s\u00f3lo s\u00e9 hacer m\u00fasica con mi voz&#8230; pero diferimos, por lo que describe, en que yo escucho m\u00fasica voluntariamente (incluso a la Lady Gaga y a Bruno Mars). Ahora bien, no hay cosa m\u00e1s molesta que la m\u00fasica que te obligan a escuchar y los centros comerciales y las tiendas de ropa son los mejores\/peores ejemplos para ello&#8230; Ayer mismo, sali de Zara pitando, y luego de Mango, porque estaban poniendo m\u00fasica techno y eran las 19h30. A esas horas no se me apetece escuchar ese <em>zumbazumba<\/em> electr\u00f3nico y mucho menos, si estoy de compras, que ya bastante me estresa eso v.v <\/p>\n<p>Una hora m\u00e1s tarde de camino a casa, no me puse los cascos como otras veces, no se me apetec\u00eda escuchar m\u00fasica&#8230; As\u00ed que pude disfrutar del &#8220;silencio&#8221;: el Aare susurrando al pasar es lo que m\u00e1s me llam\u00f3 la atenci\u00f3n. Hace tiempo que no me paraba a escucharlo \ud83d\ude42<\/p>\n<p>Y nada, os dejo&#8230; Voy a ver si sobrevivo la vacuna de la gripe sin ponerme mala&#8230; aunque me est\u00e1 empezando a doler la cabeza, \u00bfser\u00e1 psicosom\u00e1tico?<\/p>\n<p>Con esto y un bizcocho&#8230; Besos<br \/>\nCris<\/p>\n","protected":false},"excerpt":{"rendered":"<p>\u00bfOs acordais que el otro d\u00eda os contaba que hab\u00eda estado de tiendas buscando algo &#8220;festivo-elegante&#8221; para la cena de Navidad de Avaloq y que no hab\u00eda encontrado nada? Pues ayer me fui en busca de unas medias gorditas de color carne para no morir congelada el viernes con mi outfit reciclado&#8230; y volv\u00ed pa [&hellip;]<\/p>\n","protected":false},"author":3,"featured_media":0,"comment_status":"open","ping_status":"closed","sticky":false,"template":"","format":"standard","meta":{"footnotes":""},"categories":[],"tags":[],"class_list":["post-1866","post","type-post","status-publish","format-standard","hentry"],"_links":{"self":[{"href":"https:\/\/blog.lapecera.ch\/index.php?rest_route=\/wp\/v2\/posts\/1866","targetHints":{"allow":["GET"]}}],"collection":[{"href":"https:\/\/blog.lapecera.ch\/index.php?rest_route=\/wp\/v2\/posts"}],"about":[{"href":"https:\/\/blog.lapecera.ch\/index.php?rest_route=\/wp\/v2\/types\/post"}],"author":[{"embeddable":true,"href":"https:\/\/blog.lapecera.ch\/index.php?rest_route=\/wp\/v2\/users\/3"}],"replies":[{"embeddable":true,"href":"https:\/\/blog.lapecera.ch\/index.php?rest_route=%2Fwp%2Fv2%2Fcomments&post=1866"}],"version-history":[{"count":0,"href":"https:\/\/blog.lapecera.ch\/index.php?rest_route=\/wp\/v2\/posts\/1866\/revisions"}],"wp:attachment":[{"href":"https:\/\/blog.lapecera.ch\/index.php?rest_route=%2Fwp%2Fv2%2Fmedia&parent=1866"}],"wp:term":[{"taxonomy":"category","embeddable":true,"href":"https:\/\/blog.lapecera.ch\/index.php?rest_route=%2Fwp%2Fv2%2Fcategories&post=1866"},{"taxonomy":"post_tag","embeddable":true,"href":"https:\/\/blog.lapecera.ch\/index.php?rest_route=%2Fwp%2Fv2%2Ftags&post=1866"}],"curies":[{"name":"wp","href":"https:\/\/api.w.org\/{rel}","templated":true}]}}