{"id":1846,"date":"2010-11-22T15:39:18","date_gmt":"2010-11-22T14:39:18","guid":{"rendered":"http:\/\/lapecera.ch\/?p=1846"},"modified":"2010-11-22T15:39:18","modified_gmt":"2010-11-22T14:39:18","slug":"echando-rubioides-en-tierras-helveticas","status":"publish","type":"post","link":"https:\/\/blog.lapecera.ch\/?p=1846","title":{"rendered":"Echando rizoides* en tierras helv\u00e9ticas"},"content":{"rendered":"<p><span style=\"font-size: 75%\">*ahora s\u00ed, yat\u00e1 corregida \ud83d\ude1b<\/span><\/p>\n<p>Este fin de semana nos despedimos de Silvia y Beni con una \u00abpeque\u00f1a\u00bb quedada en la granja <em><a href=\"http:\/\/www.fuenfschilling.de\/\" target=\"_blank\">F\u00fcnfschilling<\/a><\/em> cerca de L\u00f6rrach en Alemania. N\u00f3tese que la comida\/merienda\/cena era con muchos espa\u00f1oles, as\u00ed que, como dijeron que qued\u00e1bamos entre las 14 y las 14h30, los \u00fanicos que llegaron puntuales fu\u00edmos Christoph y yo&#8230; Lo cual es bien raro, teniendo en cuenta que yo siempre llego tarde xDDDD Silvia y Beni se van de Basilea y estar\u00e1n dando tumbos por el mundo los pr\u00f3ximos meses, primero a Madrid, luego a Valencia, despu\u00e9s a Milwaukee (Wisconsin, EEUU) por un a\u00f1o y de vuelta a Valencia. \u00a1Jo, si pr\u00e1cticamente acabamos de conocernos! v.v \u00a1Qu\u00e9 penita! T-T Pero na, as\u00ed tengo excusa y casa (*muajajaja*) para visitar Valencia de una vez por todas \ud83d\ude42 De todas formas, seguiremos en contacto, s\u00ed o s\u00ed ^____^<\/p>\n<p><a href=\"http:\/\/lapecera.ch\/wp-content\/uploads\/2010\/11\/photo.jpg\" rel=\"example3\" title=\"Las ni\u00f1as\"><img loading=\"lazy\" decoding=\"async\" src=\"http:\/\/lapecera.ch\/wp-content\/uploads\/2010\/11\/photo-200x200.jpg\" alt=\"\" title=\"photo\" width=\"200\" height=\"200\" class=\"alignleft size-medium wp-image-1852\" \/><\/a>Aparte de lo del s\u00e1bado, que hay que decir que echamos el d\u00eda entero all\u00ed (llegamos a las 14h y nos fuimos a las 20h :P), el resto del fin de semana fue tranquilito. El domingo me dediqu\u00e9 a recoger la casa, a probarme ropa para la cena de Navidad (OMG, no me sirve ninguno de mis pantalones de vestir O__O), a leer c\u00f3mics y ver pelis\/series nuevas. El viernes a la vuelta de la quedada con las ni\u00f1as en Basilea, cancelaron el S-Bahn de las 23h35 debido a un <em>Personenunfall<\/em> (que si no me equivoco viene a ser la palabra \u00abbonita\u00bb para un intento de suicidio, aunque tambi\u00e9n puede que se refiera a otra cosa) y tuve que tirarme media hora en la estaci\u00f3n, as\u00ed que me met\u00ed en el kiosco y acab\u00e9 compr\u00e1ndome la revista <em>Cinema <\/em>porque ven\u00eda un art\u00edculo sobre las nuevas series para el 2011. Por eso, el domingo me lo pas\u00e9 buscando y baj\u00e1ndome cap\u00edtulos de esas series&#8230; bueno, de las m\u00e1s interesantes&#8230;<\/p>\n<p>Despu\u00e9s de ver el \u00faltimo cap\u00edtulo de <em>The Big Bang Theory<\/em> (buah, esta semana no hay <em>Castle<\/em> ni TBBT v.v), Christoph estuvo viendo <em>Taxi Driver<\/em>, mientras yo le\u00eda c\u00f3mics en Internet \u2014es que despu\u00e9s de leer de qu\u00e9 iba la peli, decid\u00ed que prefer\u00eda no prestarle atenci\u00f3n\u2014. Y luego vimos los episodios piloto de <em>No ordinary family <\/em>y <em>The Event<\/em>. De momento, recomendar\u00eda la segunda porque me pareci\u00f3 m\u00e1s interesante&#8230; tambi\u00e9n m\u00e1s confusa \ud83d\ude1b Tambi\u00e9n me he bajado <em>The Walking Dead<\/em>, que la conoce ya medio mundo, <em>Hawaii-Five-o<\/em>, <em>Running Wilde<\/em> y tengo pendientes <em>The undercovers<\/em> y alguna m\u00e1s&#8230;<\/p>\n<p>Os cuento as\u00ed en breve de qu\u00e9 van las dos que he visto: <em><a href=\"http:\/\/www.imdb.com\/title\/tt1591493\/\" target=\"_blank\">No ordinary family<\/a><\/em> trata de una familia que, despu\u00e9s de un accidente de avi\u00f3n en el Amazonas, desarrollan superpoderes. El padre, Jim, tiene una fuerza inmensa y puede parar balas, la madre, Stephanie, puede correr como si fuera Flash (pero sin que se le rompa la ropa fO.o), la hija, Daphne, se vuelve tel\u00e9pata, y el hijo, J.J., que ten\u00eda dificultades en el aprendizaje, de repente puede resolver f\u00f3rmulas y aprender y leer a una velocidad inhumana (l\u00e1stima que la memoria s\u00f3lo le d\u00e9 para 6 horas xD). El primer cap\u00edtulo es introductorio, te presenta a los personajes y lo que cada uno puede hacer y poco m\u00e1s&#8230; Est\u00e1 protagonizada por Michael \u00abThe Thing\u00bb Chiklis, Julie \u00abRita Bennett de <em>Dexter<\/em>\u00bb Benz, Kay \u00abuna de las chicas de la nueva peli de <em>Fame<\/em>\u00bb Panabaker y Jimmy \u00abel jovencito James T. Kirk de la nueva <em>Star Trek<\/em> Bennett.<\/p>\n<p>La de <em><a href=\"http:\/\/www.imdb.com\/title\/tt1582459\/\" target=\"_blank\">The Event<\/a> <\/em>es un poquito m\u00e1s complicada de explicar fO.o Seg\u00fan el argumento, hace muchos a\u00f1os una nave extraterrestre se estrell\u00f3 en Alaska y los del gobierno de los EEUU detuvieron a la mayor parte, otros escaparon, y los tienen desde entonces en una especie de carcel en Alaska. Los extraterrestres son muy parecidos a nosotros, pero no envejecen tan r\u00e1pidamente. Aparte de eso, poco m\u00e1s se sabe. El reci\u00e9n electo presidente de los EEUU, Elias Mart\u00ednez, al enterarse de la existencia de esa carcel, decide cerrarla y sacar a la luz toda la informaci\u00f3n sobre esos extraterrestre. Sin embargo, hay alguien que no quiere que eso pase porque intentan matarle&#8230; nada m\u00e1s y nada menos que con un avi\u00f3n a lo 9\/11. El resto est\u00e1 por descubrirse. Caras conocidas en la serie: Scott \u00abLuke Danes\u00bb Patterson, Jason \u00abel hermano de Hilary Duff en <em>Raise your voice<\/em>\u00bb Ritter (hijo de John Ritter, el de <em>Apartamento para tres<\/em>), Laura \u00abDr. Kerry Weaver en <em>ER<\/em>\u00bb Innes y poco m\u00e1s porque al resto no los conozco de nada fO.o<\/p>\n<p>En fin, cuando haya visto m\u00e1s cap\u00edtulo seguir\u00e9 contadoos&#8230; \ud83d\ude42<\/p>\n<p>Y ahora os dejo, que tengo una reuni\u00f3n&#8230; \ud83d\ude1b<\/p>\n<p>Con esto y un bizcocho&#8230; Besos<br \/>\nCris<\/p>\n<p>PS: \u00bfAlguien sab\u00eda que Mayin \u00abBlossom o Amy Farrah Fowler\u00bb Bialik es <em>neurocient\u00edfica <\/em>(\u00bfse dice as\u00ed?)? O____O Vale, es neurobi\u00f3loga&#8230; xP<\/p>\n","protected":false},"excerpt":{"rendered":"<p>*ahora s\u00ed, yat\u00e1 corregida \ud83d\ude1b Este fin de semana nos despedimos de Silvia y Beni con una \u00abpeque\u00f1a\u00bb quedada en la granja F\u00fcnfschilling cerca de L\u00f6rrach en Alemania. N\u00f3tese que la comida\/merienda\/cena era con muchos espa\u00f1oles, as\u00ed que, como dijeron que qued\u00e1bamos entre las 14 y las 14h30, los \u00fanicos que llegaron puntuales fu\u00edmos Christoph [&hellip;]<\/p>\n","protected":false},"author":3,"featured_media":0,"comment_status":"open","ping_status":"closed","sticky":false,"template":"","format":"standard","meta":{"footnotes":""},"categories":[],"tags":[],"class_list":["post-1846","post","type-post","status-publish","format-standard","hentry"],"_links":{"self":[{"href":"https:\/\/blog.lapecera.ch\/index.php?rest_route=\/wp\/v2\/posts\/1846","targetHints":{"allow":["GET"]}}],"collection":[{"href":"https:\/\/blog.lapecera.ch\/index.php?rest_route=\/wp\/v2\/posts"}],"about":[{"href":"https:\/\/blog.lapecera.ch\/index.php?rest_route=\/wp\/v2\/types\/post"}],"author":[{"embeddable":true,"href":"https:\/\/blog.lapecera.ch\/index.php?rest_route=\/wp\/v2\/users\/3"}],"replies":[{"embeddable":true,"href":"https:\/\/blog.lapecera.ch\/index.php?rest_route=%2Fwp%2Fv2%2Fcomments&post=1846"}],"version-history":[{"count":0,"href":"https:\/\/blog.lapecera.ch\/index.php?rest_route=\/wp\/v2\/posts\/1846\/revisions"}],"wp:attachment":[{"href":"https:\/\/blog.lapecera.ch\/index.php?rest_route=%2Fwp%2Fv2%2Fmedia&parent=1846"}],"wp:term":[{"taxonomy":"category","embeddable":true,"href":"https:\/\/blog.lapecera.ch\/index.php?rest_route=%2Fwp%2Fv2%2Fcategories&post=1846"},{"taxonomy":"post_tag","embeddable":true,"href":"https:\/\/blog.lapecera.ch\/index.php?rest_route=%2Fwp%2Fv2%2Ftags&post=1846"}],"curies":[{"name":"wp","href":"https:\/\/api.w.org\/{rel}","templated":true}]}}