{"id":1838,"date":"2010-11-19T14:44:01","date_gmt":"2010-11-19T13:44:01","guid":{"rendered":"http:\/\/lapecera.ch\/?p=1838"},"modified":"2010-11-19T14:44:01","modified_gmt":"2010-11-19T13:44:01","slug":"el-futuro","status":"publish","type":"post","link":"https:\/\/blog.lapecera.ch\/?p=1838","title":{"rendered":"El futuro"},"content":{"rendered":"<p><em>Harry Potter and the Deadly Hallows I<\/em> se estren\u00f3 en Suiza ayer. Evidentemente no he ido a verla todav\u00eda. Supongo que Sam y yo tendremos que hacer juegos malabares para conseguir quedar y verla juntas&#8230; pero se intentar\u00e1 al menos xDDD Aparte, \u00bfhab\u00e9is visto el trailer de la nueva peli sobre <em>Caperucita Roja<\/em>? Yo a\u00fan no lo he visto, pero ya el poster&#8230; \u00a1qu\u00e9 mal rollo da, jez\u00fa!<\/p>\n<p><a href=\"http:\/\/lapecera.ch\/wp-content\/uploads\/2010\/11\/genealogiaweasley.png\" rel=\"example3\" title=\"pobre Scorpius, por si no fuera poco el segundo es Hyperion T-T\"><img loading=\"lazy\" decoding=\"async\" src=\"http:\/\/lapecera.ch\/wp-content\/uploads\/2010\/11\/genealogiaweasley-200x138.png\" alt=\"\" title=\"genealogiaweasley\" width=\"200\" height=\"138\" class=\"alignright size-medium wp-image-1839\" \/><\/a>Hoy, curioseando en la web de J.K. Rowling me encontr\u00e9 con un \u00e1rbol geneal\u00f3gico de los Weasley. Me ha hecho gracia, que por lo visto Charlie no se ha casado, ni tenido hijos, y que yo recuerde \u00e9ste no la palma, \u00bfno? En el foro hablan \u00faltimamente de lo que la Rowling dijo en el show de Oprah sobre la posibilidad de continuar con la saga&#8230; Este \u00e1rbol dice mucho de qui\u00e9n ser\u00edan los protagonitas, \u00bfno? xDDD Por lo menos, ah\u00ed me confirman que el hijo de Harry, James, lleva Sirius como segundo nombre que en el libro no lo dicen en ninguna parte \u00ac\u00ac<\/p>\n<p>En fin&#8230; Cambiando de tema hacia no s\u00e9 d\u00f3nde&#8230; El otro d\u00eda termin\u00e9 de leer <em>Dark Divine<\/em> de Bree Despain. Sinceramente si no encontr\u00e1is atractivo el subg\u00e9nero de romance paranormal, no os recomiendo leerlo. Si os ha gustado <em>Crep\u00fasculo <\/em>y suced\u00e1neos (<em>Hush, hush<\/em>, <em>Temblor<\/em>, <em>Fallen<\/em>, <em>Hermosas criaturas<\/em>, no se me ocurren m\u00e1s xP), igual os parece entretenido, aunque mediocre&#8230; <\/p>\n<p>Aparte, como soy muy chula, ayer me fui de compras en busca de un vestido &#8220;festivo-elegante&#8221; para la cena de Navidad de Avaloq la semana que viene. Mi idea era comprarme <a href=\"http:\/\/lapecera.ch\/wp-content\/uploads\/2010\/11\/K2S130_510.jpg\" rel=\"example3\">algo as\u00ed<\/a>. Me lo prob\u00e9 en Esprit, me quedaba de p*** madre, salvo por el hecho que me faltaba teta pa rellenarlo&#8230; y al final volv\u00ed pa casa con una camisa y una camiseta que de &#8220;festivo-elegante&#8221; tienen lo que yo te diga&#8230; v.v Supongo que acabar\u00e9 poni\u00e9ndome mi falda y top comod\u00edn para bodas, bautizos y cenas de la empresa. Cuando se me estropee esa falda no s\u00e9 qu\u00e9 ser\u00e1 de m\u00ed \ud83d\ude1b Adem\u00e1s, pa no variar me compr\u00e9 libros. S\u00ed, \u00a1qu\u00e9 raro!, \u00bfno? xDDD Tres, para ser exactos, dos en ingl\u00e9s (<em>The adoration of Jenna Fox <\/em>y <em>Dash and Lily&#8217;s book of dares<\/em>) y uno en alem\u00e1n (<em>Das Tal. Season 1.1<\/em>, aunque yo toda guay pregunt\u00e9 por <em>Der Tal <\/em>y la de la librer\u00eda no me entend\u00eda xDDD)&#8230; Y todav\u00eda no s\u00e9 qu\u00e9 voy a llevarme a las vacaciones. Estoy entre <em>The Passage <\/em>de Justin Cronin (para el que necesitar\u00eda un e-reader :P), <em>Smaragdgr\u00fcn <\/em>de Kerstin Gier (suponiendo que ya hubiese salido), <em>Gut gegen Nordwind <\/em>de Daniel Gattauer y\/o algo en espa\u00f1ol. De todas formas, lo estoy viendo, voy a cargar con cuatro libros y al final s\u00f3lo leer\u00e9 la mitad de uno v.v<\/p>\n<p>Bueno, gentecilla, os dejo, voy a leer este documento en alem\u00e1n tan aburrido que tengo delante de las narices y que llevo intentando leer desde hace un par de horas \u00ac\u00ac \u00a1Menos mal que ya es viernes! *___*<\/p>\n<p>\u00a1Que pas\u00e9is un buen fin de semana!<\/p>\n<p>Con esto y un bizcocho&#8230; Besos<br \/>\nCris<\/p>\n<p>PS: Ayer me lleg\u00f3 el v\u00eddeo del concierto, a ver si puedo sacar el dueto con mejor calidad y colgarlo aqu\u00ed ^___^<\/p>\n","protected":false},"excerpt":{"rendered":"<p>Harry Potter and the Deadly Hallows I se estren\u00f3 en Suiza ayer. Evidentemente no he ido a verla todav\u00eda. Supongo que Sam y yo tendremos que hacer juegos malabares para conseguir quedar y verla juntas&#8230; pero se intentar\u00e1 al menos xDDD Aparte, \u00bfhab\u00e9is visto el trailer de la nueva peli sobre Caperucita Roja? Yo a\u00fan [&hellip;]<\/p>\n","protected":false},"author":3,"featured_media":0,"comment_status":"open","ping_status":"closed","sticky":false,"template":"","format":"standard","meta":{"footnotes":""},"categories":[],"tags":[],"class_list":["post-1838","post","type-post","status-publish","format-standard","hentry"],"_links":{"self":[{"href":"https:\/\/blog.lapecera.ch\/index.php?rest_route=\/wp\/v2\/posts\/1838","targetHints":{"allow":["GET"]}}],"collection":[{"href":"https:\/\/blog.lapecera.ch\/index.php?rest_route=\/wp\/v2\/posts"}],"about":[{"href":"https:\/\/blog.lapecera.ch\/index.php?rest_route=\/wp\/v2\/types\/post"}],"author":[{"embeddable":true,"href":"https:\/\/blog.lapecera.ch\/index.php?rest_route=\/wp\/v2\/users\/3"}],"replies":[{"embeddable":true,"href":"https:\/\/blog.lapecera.ch\/index.php?rest_route=%2Fwp%2Fv2%2Fcomments&post=1838"}],"version-history":[{"count":0,"href":"https:\/\/blog.lapecera.ch\/index.php?rest_route=\/wp\/v2\/posts\/1838\/revisions"}],"wp:attachment":[{"href":"https:\/\/blog.lapecera.ch\/index.php?rest_route=%2Fwp%2Fv2%2Fmedia&parent=1838"}],"wp:term":[{"taxonomy":"category","embeddable":true,"href":"https:\/\/blog.lapecera.ch\/index.php?rest_route=%2Fwp%2Fv2%2Fcategories&post=1838"},{"taxonomy":"post_tag","embeddable":true,"href":"https:\/\/blog.lapecera.ch\/index.php?rest_route=%2Fwp%2Fv2%2Ftags&post=1838"}],"curies":[{"name":"wp","href":"https:\/\/api.w.org\/{rel}","templated":true}]}}