{"id":1815,"date":"2010-11-13T23:32:31","date_gmt":"2010-11-13T21:32:31","guid":{"rendered":"http:\/\/lapecera.ch\/?p=1815"},"modified":"2010-11-13T23:32:31","modified_gmt":"2010-11-13T21:32:31","slug":"you-got-me-begging-you-for-mercy","status":"publish","type":"post","link":"https:\/\/blog.lapecera.ch\/?p=1815","title":{"rendered":"You got me begging you for mercy"},"content":{"rendered":"<blockquote><p>&#8230; why won&#8217;t you release me?<\/p><\/blockquote>\n<p>S\u00e9 que algunos, si no todos, ya hab\u00e9is visto el v\u00eddeo en el Facebook, pero no pod\u00eda dejar de poner aqu\u00ed el peque\u00f1o adelanto del concierto del d\u00eda de la cuenta atr\u00e1s, 12-11-10 \ud83d\ude1b Cuando tenga el resto, que tardar\u00e1 un poquit\u00edn, lo subir\u00e9 tambi\u00e9n en La Pecera \ud83d\ude42 <\/p>\n<p>Y ahora, se\u00f1ores y se\u00f1oras, Nicole y <em>lamendalerenda<\/em> presentan <em>Mercy<\/em><\/p>\n<p>Tatat\u00e1-tatatatat\u00e1&#8230; <\/p>\n<p><object width=\"425\" height=\"344\"><param name=\"movie\" value=\"http:\/\/www.youtube.com\/v\/MiMxO_FnIeU?fs=1&amp;hl=de_DE&amp;color1=0x5d1719&amp;color2=0xcd311b\"><\/param><param name=\"allowFullScreen\" value=\"true\"><\/param><param name=\"allowscriptaccess\" value=\"always\"><\/param><embed src=\"http:\/\/www.youtube.com\/v\/MiMxO_FnIeU?fs=1&amp;hl=de_DE&amp;color1=0x5d1719&amp;color2=0xcd311b\" type=\"application\/x-shockwave-flash\" allowscriptaccess=\"always\" allowfullscreen=\"true\" width=\"425\" height=\"344\"><\/embed><\/object><\/p>\n<p>Sam, Denise, Marc, Marimerce, Hubi, Marisilvia (gracias por el v\u00eddeo, guapa *___*), Robi, Margrit, Sabine, Chris, \u00a1gracias a todos por venir! Y a Tony, Nancy, Nicole, Nadine, Medina, Sina, Armend, Andrea, Erika, aunque no me vayan a leer, \u00a1muchas gracias por todo! <\/p>\n<p>Con esto y un bizcocho&#8230; Besos<br \/>\nCris<\/p>\n","protected":false},"excerpt":{"rendered":"<p>&#8230; why won&#8217;t you release me? S\u00e9 que algunos, si no todos, ya hab\u00e9is visto el v\u00eddeo en el Facebook, pero no pod\u00eda dejar de poner aqu\u00ed el peque\u00f1o adelanto del concierto del d\u00eda de la cuenta atr\u00e1s, 12-11-10 \ud83d\ude1b Cuando tenga el resto, que tardar\u00e1 un poquit\u00edn, lo subir\u00e9 tambi\u00e9n en La Pecera \ud83d\ude42 [&hellip;]<\/p>\n","protected":false},"author":3,"featured_media":0,"comment_status":"open","ping_status":"closed","sticky":false,"template":"","format":"standard","meta":{"footnotes":""},"categories":[],"tags":[],"class_list":["post-1815","post","type-post","status-publish","format-standard","hentry"],"_links":{"self":[{"href":"https:\/\/blog.lapecera.ch\/index.php?rest_route=\/wp\/v2\/posts\/1815","targetHints":{"allow":["GET"]}}],"collection":[{"href":"https:\/\/blog.lapecera.ch\/index.php?rest_route=\/wp\/v2\/posts"}],"about":[{"href":"https:\/\/blog.lapecera.ch\/index.php?rest_route=\/wp\/v2\/types\/post"}],"author":[{"embeddable":true,"href":"https:\/\/blog.lapecera.ch\/index.php?rest_route=\/wp\/v2\/users\/3"}],"replies":[{"embeddable":true,"href":"https:\/\/blog.lapecera.ch\/index.php?rest_route=%2Fwp%2Fv2%2Fcomments&post=1815"}],"version-history":[{"count":0,"href":"https:\/\/blog.lapecera.ch\/index.php?rest_route=\/wp\/v2\/posts\/1815\/revisions"}],"wp:attachment":[{"href":"https:\/\/blog.lapecera.ch\/index.php?rest_route=%2Fwp%2Fv2%2Fmedia&parent=1815"}],"wp:term":[{"taxonomy":"category","embeddable":true,"href":"https:\/\/blog.lapecera.ch\/index.php?rest_route=%2Fwp%2Fv2%2Fcategories&post=1815"},{"taxonomy":"post_tag","embeddable":true,"href":"https:\/\/blog.lapecera.ch\/index.php?rest_route=%2Fwp%2Fv2%2Ftags&post=1815"}],"curies":[{"name":"wp","href":"https:\/\/api.w.org\/{rel}","templated":true}]}}