{"id":1777,"date":"2010-11-10T15:15:51","date_gmt":"2010-11-10T13:15:51","guid":{"rendered":"http:\/\/lapecera.ch\/?p=1777"},"modified":"2010-11-10T15:15:51","modified_gmt":"2010-11-10T13:15:51","slug":"5-x-5-8","status":"publish","type":"post","link":"https:\/\/blog.lapecera.ch\/?p=1777","title":{"rendered":"5 x 5 + 8"},"content":{"rendered":"<p>Ayer dec\u00eda que os iba a contar sobre el ensayo general y al final se me olvid\u00f3 xDD \u00a1La edad!<\/p>\n<p>Resumiendo el ensayo general del domingo:<br \/>\n\u2013 Las canciones conjuntas (<em>Celebration<\/em>, <em>We are the world <\/em>y <em>Heaven<\/em>) salieron pel\u00edn desastrosa. Espero que el viernes nos pongamos al hilo todos y las saquemos adelante decentemente.<br \/>\n\u2013 Record\u00e9 mis letras, \u00a1fi\u00fa! Y eso que <em>Inmortal <\/em>la cant\u00e9 temblando como un flan. En <em>Mercy <\/em>tuvimos mejor feeling la \u00faltima vez en casa de Erika, pero eso bien pudo ser porque el sitio era m\u00e1s reducido&#8230; Y <em>Time after time<\/em> me sali\u00f3 toda correcta, no me equivoqu\u00e9 ni en una coma, wow! Aunque me fui de tono en <em>I will be waiting<\/em>, pero bueno *rolling eyes*<br \/>\n\u2013 Del resto de mis compis de escenario tengo que decir que me sorprendieron Nancy y Tony muy gratamente: la una, con <em>Fame<\/em>, la nueva versi\u00f3n para la nueva pel\u00edcula con rap y todo; el otro, con <em>Fresh<\/em>, \u00a1tiene un falsete muy bonito!<br \/>\n\u2013 Momento &#8220;no s\u00e9 qu\u00e9 cara poner&#8221;, cuando el barman del StadtMixBar, donde ensayamos, me dice que se me ve muy bien en el escenario, que se nota que tengo tablas (fO.o) y que le gusta c\u00f3mo canto&#8230; Lo \u00fanico que se me ocurri\u00f3 decir fue &#8220;gracias&#8221; xDD Pero, \u00a1oye, qu\u00e9 bien se queda una cuando le dicen que lo hace bien! El mejor b\u00e1lsamo para el ego&#8230; \ud83d\ude1b<\/p>\n<p><a href=\"http:\/\/lapecera.ch\/wp-content\/uploads\/2010\/11\/39778_1_jesusmequiere.jpg\" rel=\"example3\" title=\"Lleva el mismo dibujo en la portada que el original Jesus liebt mich\"><img loading=\"lazy\" decoding=\"async\" src=\"http:\/\/lapecera.ch\/wp-content\/uploads\/2010\/11\/39778_1_jesusmequiere-115x200.jpg\" alt=\"\" title=\"39778_1_jesusmequiere\" width=\"115\" height=\"200\" class=\"alignright size-medium wp-image-1779\" \/><\/a>Aparte de eso, tengo un mont\u00f3n de cosas que hacer. Unas, muy aburridas, por ejemplo, el trabajo en la empresa, un documento que no se deja escribir&#8230; Otras, algo m\u00e1s entretenidas, como leer y rese\u00f1ar para El Templo xDDD Y otras, estresantes, como pensar en la llamada telef\u00f3nica que tengo que hacer a Christine N\u00f6stlinger para preguntarle por una entrevista para El Templo, \u00a1qu\u00e9 estr\u00e9s! A ver si la semana que viene, despu\u00e9s del concierto, me lo quito de encima de una vez&#8230; de momento.<\/p>\n<p>Hoy me he enterado que Seix Barral ha sacado <a href=\"http:\/\/www.planetadelibros.com\/jesus-me-quiere-libro-39778.html\" target=\"_blank\"><em>Jes\u00fas me quiere<\/em><\/a> de David Safier. No es tan divertido como <em>Maldito karma <\/em>(\u00bfhabr\u00e1 que escribirlo ahora con c?), pero tiene muy buenas salidas. Adem\u00e1s, ayer Arena Verlag y la propia Kerstin Gier comunicaron via Twitter y Facebook, respectivamente, que <em><a href=\"http:\/\/lapecera.ch\/wp-content\/uploads\/2010\/11\/esmeralda.png\" rel=\"example3\" title=\"Fertig=Listo\">Smaragdgr\u00fcn<\/a><\/em> estaba, por fin, acabado y que en breve har\u00edan p\u00fablica la fecha de salida, que deber\u00eda ser en diciembre, \u00a1YIIIPPIIIII! Y aunque a\u00fan no he visto el \u00faltimo cap\u00edtulo de <em>Glee<\/em> \u2013que cada vez me gusta menos la historia, por cierto\u2013, he descubierto gracias a la <a href=\"http:\/\/glee.wikia.com\/wiki\/Glee_TV_Show_Wiki\" target=\"_blank\">Glee wiki<\/a> que en el pr\u00f3ximo cap\u00edtulo saldr\u00e1 Gwyneth Paltrow haciendo de la sustituta de Will, cuando \u00e9ste (lo sigo acentuando) se pone enfermo&#8230; Eso quiero verlo&#8230; <\/p>\n<p>\u00bfQu\u00e9 m\u00e1s? \u00a1Ah, s\u00ed! Hoy Neil Gaiman cumple 50 a\u00f1azos y <em>aqu\u00edlamendalerenda<\/em> ya no puede ir por el mundo haciendo el imb\u00e9cil con la disculpa de que es joven porque ya ha alcanzado la mayor\u00eda de edad <span style=\"font-size:75%;\">(hobbit, que la otra la alcanc\u00e9 hace tiempo xD)<\/span> y hay que empezar a comportarse&#8230; hmmm&#8230; va a ser que no&#8230; neeeeee&#8230; ni hablar&#8230; <\/p>\n<p>Y eso es todo, amigos, \u00a1que disfruten del d\u00eda! <span style=\"font-size:75%;\">(yo, por mi parte, estoy que no doy golpe xD)<\/span><\/p>\n<p>Con esto y un bizcocho&#8230; Besos<br \/>\nCris<\/p>\n","protected":false},"excerpt":{"rendered":"<p>Ayer dec\u00eda que os iba a contar sobre el ensayo general y al final se me olvid\u00f3 xDD \u00a1La edad! Resumiendo el ensayo general del domingo: \u2013 Las canciones conjuntas (Celebration, We are the world y Heaven) salieron pel\u00edn desastrosa. Espero que el viernes nos pongamos al hilo todos y las saquemos adelante decentemente. \u2013 [&hellip;]<\/p>\n","protected":false},"author":3,"featured_media":0,"comment_status":"open","ping_status":"closed","sticky":false,"template":"","format":"standard","meta":{"footnotes":""},"categories":[],"tags":[],"class_list":["post-1777","post","type-post","status-publish","format-standard","hentry"],"_links":{"self":[{"href":"https:\/\/blog.lapecera.ch\/index.php?rest_route=\/wp\/v2\/posts\/1777","targetHints":{"allow":["GET"]}}],"collection":[{"href":"https:\/\/blog.lapecera.ch\/index.php?rest_route=\/wp\/v2\/posts"}],"about":[{"href":"https:\/\/blog.lapecera.ch\/index.php?rest_route=\/wp\/v2\/types\/post"}],"author":[{"embeddable":true,"href":"https:\/\/blog.lapecera.ch\/index.php?rest_route=\/wp\/v2\/users\/3"}],"replies":[{"embeddable":true,"href":"https:\/\/blog.lapecera.ch\/index.php?rest_route=%2Fwp%2Fv2%2Fcomments&post=1777"}],"version-history":[{"count":0,"href":"https:\/\/blog.lapecera.ch\/index.php?rest_route=\/wp\/v2\/posts\/1777\/revisions"}],"wp:attachment":[{"href":"https:\/\/blog.lapecera.ch\/index.php?rest_route=%2Fwp%2Fv2%2Fmedia&parent=1777"}],"wp:term":[{"taxonomy":"category","embeddable":true,"href":"https:\/\/blog.lapecera.ch\/index.php?rest_route=%2Fwp%2Fv2%2Fcategories&post=1777"},{"taxonomy":"post_tag","embeddable":true,"href":"https:\/\/blog.lapecera.ch\/index.php?rest_route=%2Fwp%2Fv2%2Ftags&post=1777"}],"curies":[{"name":"wp","href":"https:\/\/api.w.org\/{rel}","templated":true}]}}