{"id":1749,"date":"2010-11-05T12:30:10","date_gmt":"2010-11-05T10:30:10","guid":{"rendered":"http:\/\/lapecera.ch\/?p=1749"},"modified":"2010-11-05T12:30:10","modified_gmt":"2010-11-05T10:30:10","slug":"buscando-a-christine-desesperadamente","status":"publish","type":"post","link":"https:\/\/blog.lapecera.ch\/?p=1749","title":{"rendered":"Buscando a Christine desesperadamente"},"content":{"rendered":"<p>Llevo semanas preguntando a los alemanes y solo el austriaco me dijo que la conoc\u00eda. \u00bfComo es posible que Christine N\u00f6stlinger sea toda una personalidad dentro de la LIJ pero nadie la conozca? Vale, reconozco que a m\u00ed solo me sonaba y nunca he le\u00eddo nada de ella, pero, hombre, soy espa\u00f1ola, all\u00ed la se\u00f1ora no es muy del todo conocida, pero \u00bf\u00bfen Centroeuropa?? Come on!!! <\/p>\n<p>En fin&#8230; Este fin de semana (por fin, es viernes) tengo fiesta de cumplea\u00f1os y ensayo general. Y \u00bfsab\u00e9is que? No he ensayado nada. No me s\u00e9 la letra de las canciones comunes y la voy a armar el domingo, pero ya como que me da igual \ud83d\ude1b No tengo tiempo ni ganas de llegar a casa y ponerme a cantar, aparte de que igual antes Christoph me mata xDD <\/p>\n<p><a href=\"http:\/\/lapecera.ch\/wp-content\/uploads\/2010\/11\/06334_rubinrot.jpg\" rel=\"example3\" title=\"Bereit, Gwendolyn? \u2013 Bereit, wenn du es bist.\"><img loading=\"lazy\" decoding=\"async\" src=\"http:\/\/lapecera.ch\/wp-content\/uploads\/2010\/11\/06334_rubinrot-157x200.jpg\" alt=\"\" title=\"06334_rubinrot\" width=\"157\" height=\"200\" class=\"alignleft size-medium wp-image-1754\" \/><\/a>Lo que si he hecho la semana pasada ha sido tragarme la trilog\u00eda de <em><a href=\"http:\/\/www.rubinrotlesen.de\" target=\"_blank\">Liebe geht durch alle Zeiten<\/a> <\/em>de Kerstin Gier (que vendr\u00eda a ser &#8220;Amor a trav\u00e9s del tiempo&#8221; que he visto por ah\u00ed). En Espa\u00f1a acaba de salir <em><a href=\"http:\/\/www.lauragallego.com\/phpBB3\/viewtopic.php?f=12&#038;t=41587&#038;start=0\" target=\"_blank\">Rub\u00ed<\/a> <\/em>y me toca rese\u00f1arlo para El Templo (\u00a1y que sufrimiento, por dios!). Como lo ten\u00eda en alem\u00e1n lo empec\u00e9 de una vez por todas \u2013llevaba un par de meses en mi estanter\u00eda, nunca me lo perdonar\u00e9\u2013 y en una semana me ventil\u00e9 los dos libros, <em>Rub\u00ed <\/em>y <em>Zafiro <\/em>xD Pero es que Gwendolyn lo vale y Gideon tambi\u00e9n, sobre todo despu\u00e9s del ep\u00edlogo de <em>Zafiro<\/em> *____* <em>Smaragdgr\u00fcn<\/em> (<em>Esmeralda<\/em>) saldr\u00e1 en diciembre, antes de Navidad dicen los de Arena Verlag, pero sin dar fecha fija. Los de la librer\u00eda no se ponen de acuerdo: un distribuidor dice diciembre, el otro, noviembre. Mientras tanto, a m\u00ed me toca esperar y comerme las u\u00f1as \ud83d\ude1b Me pregunto c\u00f3mo ser\u00e1 el libro porque al final de <em>Zafiro<\/em> quedan tantas preguntas sin responder, que no s\u00e9 c\u00f3mo es posible contestarlas todas en 384 p\u00e1ginas y salir airoso&#8230; En diciembre, o el a\u00f1o que viene a m\u00e1s tardar, ya os contar\u00e9 \ud83d\ude09<\/p>\n<p>Aparte, estoy entrando de nuevo en el mundo de los c\u00f3mics, despu\u00e9s de una pausa largu\u00ed\u00ed\u00ed\u00edsima&#8230; Y hay tantas cosas que me gustar\u00eda leer y tan pocas oportunidades v.v De momento estoy con el c\u00f3mic que nos regal\u00f3 mi prima, la recopilaci\u00f3n de las adaptaciones a c\u00f3mic de los libros de <em>Star Wars <\/em>de Timothy Zahn, los de la trilog\u00eda posterior a los episodios IV, V y VI. Me encantan las pel\u00edculas de <em>La Guerra de las Galaxias<\/em>, las viejas y las nuevas, pero hasta ahora no hab\u00eda le\u00eddo nada de lo que ven\u00eda a continuaci\u00f3n, ni de todo el universo creado en torno a las pel\u00edculas&#8230; y \u00bfqu\u00e9 quer\u00e9is que os diga? Ser\u00e1 super interesante y todo eso, pero yo me pierdo&#8230; He estado leyendo en la <a href=\"http:\/\/starwars.wikia.com\/wiki\/Main_Page\" target=\"_blank\">Wookieepedia<\/a> lo que viene despu\u00e9s de los c\u00f3mics \u2013sobre todo, porque me interesaba la relaci\u00f3n entre Luke Skywalker y Mara Jade\u2013, y casi me quedo bizca v.v \u00a1Qu\u00e9 vida m\u00e1s estresante tiene esta gente, por dios! En general, he decidido que todo esto de aventuras adicionales y tal, no es nada para m\u00ed, como mucho me leer\u00e9 los libros de Timothy Zahn (si los encuentro) y sanseacab\u00f3 \ud83d\ude1b<\/p>\n<p>Y ahora os dejo, voy a disfrutar del 5 de noviembre trabajando \u00ac\u00ac<\/p>\n<blockquote><p>Remember, remember the fifth of November,<br \/>\ngunpowder, treason and plot,<br \/>\nI see no reason why gunpowder treason<br \/>\nshould ever be forgot.<\/p>\n<p>Guy Fawkes, Guy Fawkes,<br \/>\n\u2019twas his intent<br \/>\nto blow up the King and the Parliament.<br \/>\nThree score barrels of powder below,<br \/>\nPoor old England to overthrow:<br \/>\nBy God\u2019s providence he was catch\u2019d<br \/>\nWith a dark lantern and burning match.<\/p>\n<p>Holloa boys, holloa boys, make the bells ring.<br \/>\nHolloa boys, holloa boys, God save the King!<br \/>\nHip hip hoorah!<\/p><\/blockquote>\n<p>Con esto y un bizcocho&#8230; Besos<br \/>\nCris<\/p>\n","protected":false},"excerpt":{"rendered":"<p>Llevo semanas preguntando a los alemanes y solo el austriaco me dijo que la conoc\u00eda. \u00bfComo es posible que Christine N\u00f6stlinger sea toda una personalidad dentro de la LIJ pero nadie la conozca? Vale, reconozco que a m\u00ed solo me sonaba y nunca he le\u00eddo nada de ella, pero, hombre, soy espa\u00f1ola, all\u00ed la se\u00f1ora [&hellip;]<\/p>\n","protected":false},"author":3,"featured_media":0,"comment_status":"open","ping_status":"closed","sticky":false,"template":"","format":"standard","meta":{"footnotes":""},"categories":[],"tags":[],"class_list":["post-1749","post","type-post","status-publish","format-standard","hentry"],"_links":{"self":[{"href":"https:\/\/blog.lapecera.ch\/index.php?rest_route=\/wp\/v2\/posts\/1749","targetHints":{"allow":["GET"]}}],"collection":[{"href":"https:\/\/blog.lapecera.ch\/index.php?rest_route=\/wp\/v2\/posts"}],"about":[{"href":"https:\/\/blog.lapecera.ch\/index.php?rest_route=\/wp\/v2\/types\/post"}],"author":[{"embeddable":true,"href":"https:\/\/blog.lapecera.ch\/index.php?rest_route=\/wp\/v2\/users\/3"}],"replies":[{"embeddable":true,"href":"https:\/\/blog.lapecera.ch\/index.php?rest_route=%2Fwp%2Fv2%2Fcomments&post=1749"}],"version-history":[{"count":0,"href":"https:\/\/blog.lapecera.ch\/index.php?rest_route=\/wp\/v2\/posts\/1749\/revisions"}],"wp:attachment":[{"href":"https:\/\/blog.lapecera.ch\/index.php?rest_route=%2Fwp%2Fv2%2Fmedia&parent=1749"}],"wp:term":[{"taxonomy":"category","embeddable":true,"href":"https:\/\/blog.lapecera.ch\/index.php?rest_route=%2Fwp%2Fv2%2Fcategories&post=1749"},{"taxonomy":"post_tag","embeddable":true,"href":"https:\/\/blog.lapecera.ch\/index.php?rest_route=%2Fwp%2Fv2%2Ftags&post=1749"}],"curies":[{"name":"wp","href":"https:\/\/api.w.org\/{rel}","templated":true}]}}