{"id":1730,"date":"2010-10-27T15:59:52","date_gmt":"2010-10-27T13:59:52","guid":{"rendered":"http:\/\/lapecera.ch\/?p=1730"},"modified":"2010-10-27T15:59:52","modified_gmt":"2010-10-27T13:59:52","slug":"ganz-schon-warm","status":"publish","type":"post","link":"https:\/\/blog.lapecera.ch\/?p=1730","title":{"rendered":"Ganz sch\u00f6n warm"},"content":{"rendered":"<p>Ayer me pas\u00e9 cuatro horas de pie en una cola eterna, escuchando a una tal Anna -la he encontrado en facebook, madre- elucubrar sobre lo que le pedir\u00eda a Joscha Sauer en el dibujo y quej\u00e1ndose del tiempo que llevaba de pie (yo estaba detr\u00e1s de ella, y sin compa\u00f1\u00eda para entretenerme \u00ac\u00ac)&#8230; <\/p>\n<p><a href=\"http:\/\/lapecera.ch\/wp-content\/uploads\/2010\/10\/puddeldestodes.jpg\" rel=\"example3\" title=\"Parece tonto, pero calienta muy bien el culo\"><img loading=\"lazy\" decoding=\"async\" src=\"http:\/\/lapecera.ch\/wp-content\/uploads\/2010\/10\/puddeldestodes-300x225.jpg\" alt=\"\" title=\"puddeldestodes\" width=\"300\" height=\"225\" class=\"alignnone size-medium wp-image-1731\" srcset=\"https:\/\/blog.lapecera.ch\/wp-content\/uploads\/2010\/10\/puddeldestodes-300x225.jpg 300w, https:\/\/blog.lapecera.ch\/wp-content\/uploads\/2010\/10\/puddeldestodes-768x576.jpg 768w, https:\/\/blog.lapecera.ch\/wp-content\/uploads\/2010\/10\/puddeldestodes-1024x768.jpg 1024w, https:\/\/blog.lapecera.ch\/wp-content\/uploads\/2010\/10\/puddeldestodes.jpg 1280w\" sizes=\"auto, (max-width: 300px) 100vw, 300px\" \/><\/a><\/p>\n<p>Lo mejor de la tarde fue encontrarme con la versi\u00f3n suiza, m\u00e1s delgada y m\u00e1s joven de <a href=\"http:\/\/en.wikipedia.org\/wiki\/Alan_Tudyk\" target=\"_blank\">Alpha de <em>Dollhouse<\/em><\/a>. Acompa\u00f1aba o al menos, conoc\u00eda a la tal Anna y estaban juntos en la cola. Cuando les toc\u00f3 a ellos llegar a la mesa, le estuvo haciendo preguntas muy interesante a Joscha Sauer&#8230; Interesante tambi\u00e9n fue ver c\u00f3mo este hombre era capaz de dibujar y hablar con nosotros sobre la pel\u00edcula de NICHTLUSTIG y sus dibujos en la web sin equivocarse en una sola raya O____o <\/p>\n<p>En fin, despu\u00e9s de cuatro horas de aburrimiento, desesperaci\u00f3n, u\u00f1as mordidas, mucho <em>small-talk<\/em> y dem\u00e1s, me llev\u00e9 a casa <em><a href=\"http:\/\/www.nichtlustig.de\/toondb\/030122.html\" target=\"_blank\">den Pudel des Todes<\/a><\/em> para Chris y Cris por Joscha \ud83d\ude42<\/p>\n<p>Y ahora os dejo, me voy a la pelu a que me corten la melena que estoy hasta las narices de ella \ud83d\ude09<\/p>\n<p>Con esto y un bizcocho&#8230; Besos<br \/>\nCris<\/p>\n","protected":false},"excerpt":{"rendered":"<p>Ayer me pas\u00e9 cuatro horas de pie en una cola eterna, escuchando a una tal Anna -la he encontrado en facebook, madre- elucubrar sobre lo que le pedir\u00eda a Joscha Sauer en el dibujo y quej\u00e1ndose del tiempo que llevaba de pie (yo estaba detr\u00e1s de ella, y sin compa\u00f1\u00eda para entretenerme \u00ac\u00ac)&#8230; Lo mejor [&hellip;]<\/p>\n","protected":false},"author":3,"featured_media":0,"comment_status":"open","ping_status":"closed","sticky":false,"template":"","format":"standard","meta":{"footnotes":""},"categories":[],"tags":[],"class_list":["post-1730","post","type-post","status-publish","format-standard","hentry"],"_links":{"self":[{"href":"https:\/\/blog.lapecera.ch\/index.php?rest_route=\/wp\/v2\/posts\/1730","targetHints":{"allow":["GET"]}}],"collection":[{"href":"https:\/\/blog.lapecera.ch\/index.php?rest_route=\/wp\/v2\/posts"}],"about":[{"href":"https:\/\/blog.lapecera.ch\/index.php?rest_route=\/wp\/v2\/types\/post"}],"author":[{"embeddable":true,"href":"https:\/\/blog.lapecera.ch\/index.php?rest_route=\/wp\/v2\/users\/3"}],"replies":[{"embeddable":true,"href":"https:\/\/blog.lapecera.ch\/index.php?rest_route=%2Fwp%2Fv2%2Fcomments&post=1730"}],"version-history":[{"count":0,"href":"https:\/\/blog.lapecera.ch\/index.php?rest_route=\/wp\/v2\/posts\/1730\/revisions"}],"wp:attachment":[{"href":"https:\/\/blog.lapecera.ch\/index.php?rest_route=%2Fwp%2Fv2%2Fmedia&parent=1730"}],"wp:term":[{"taxonomy":"category","embeddable":true,"href":"https:\/\/blog.lapecera.ch\/index.php?rest_route=%2Fwp%2Fv2%2Fcategories&post=1730"},{"taxonomy":"post_tag","embeddable":true,"href":"https:\/\/blog.lapecera.ch\/index.php?rest_route=%2Fwp%2Fv2%2Ftags&post=1730"}],"curies":[{"name":"wp","href":"https:\/\/api.w.org\/{rel}","templated":true}]}}