{"id":171,"date":"2008-07-13T12:32:00","date_gmt":"2008-07-13T10:32:00","guid":{"rendered":"http:\/\/lapecera.ch\/?p=171"},"modified":"2008-07-13T12:32:00","modified_gmt":"2008-07-13T10:32:00","slug":"vacaciones-de-cris-y-chris-iii-la-virgen-suicida","status":"publish","type":"post","link":"https:\/\/blog.lapecera.ch\/?p=171","title":{"rendered":"Vacaciones de Cris y Chris III: La Virgen Suicida"},"content":{"rendered":"<p><a href=\"http:\/\/picasaweb.google.com\/papalbina\/Zaragoza36708\" target=\"_blank\"><img decoding=\"async\" style=\"float:right; margin:0px 0px 10px 10px;cursor:pointer; cursor:hand;\" src=\"http:\/\/www.lapecera.ch\/uploaded_images\/collage-781371.jpg\" border=\"0\" alt=\"Selecci\u00f3n de fotos del viaje - Haz click aqu\u00ed ;)\" \/><\/a>No, no tiene nada que ver con la peli de la Coppola de t\u00edtulo parecido xD Esta fue, entre otras, una de las muchas paridas del fin de semana pasado en Zaragoza. Antes de que Nerea viniera a explicarnos porqu\u00e9 la Virgen del Pilar se llamaba as\u00ed, Christoph ya estaba sacando sus conclusiones y teor\u00edas (como la de la Virgen de Covadonga, esa la contar\u00e9 otro d\u00eda) animado por Emma y una de ellas fue la de que una chica hab\u00eda intentado suicidarse desde lo alto de un pilar y el que la vio grit\u00f3: &#8220;\u00a1Anda, la virgen!&#8221; xDDDDDD<\/p>\n<p>El finde en Zaragoza y en la Expo est\u00e1 plagado de paridas de este estilo, ataques de risa descontrolados, encuentros, monumentos, pabellones, agua y viento, MUCHO cierzo.<\/p>\n<p>Highlights resumidos que si no, esto parecer\u00e1 un testamento:<\/p>\n<p>&#8211; El viaje de ida en el bus desde Madrid en el que estuve a punto de cometer un infanticidio, \u00a1jes\u00fa, qu\u00e9 ni\u00f1o! Para luego querer cometer un parricidio, \u00a1jes\u00fa, qu\u00e9 padre! \u00ac\u00ac<br \/>&#8211; Nerea, nuestra Cicerone particular ^____^ y el famoso sms de su padre el viernes por la ma\u00f1ana: &#8220;\u00bfEst\u00e1s viva?&#8221;, despu\u00e9s de comprobar que su hija no hab\u00eda vuelto a casa desde la 1 de la tarde del d\u00eda anterior xDDDD<br \/>&#8211; La puta paloma<br \/>&#8211; El albergue, que por nuevo andaba un poco pez pero estaba bastante bien, si no fuera porque en la habitaci\u00f3n del al lado ten\u00edamos a un grupo de <a href=\"http:\/\/www.miciudadreal.es\/content\/view\/1375\/10022\/\" target=\"_blank\">culipardos<\/a> insomnes y, encima, ruidosos.<br \/>&#8211; La freidora del patio del albergue: &#8220;\u00a1Harry, no, no mires a la luz!&#8221; xDDD<br \/>&#8211; La Expo y la silla de ruedas. Aunque pasearse por ah\u00ed de esa guisa es de lo m\u00e1s creepy, las ventajas del pase preferente no estaban mal ^___^ Al menos, para entrar en Jap\u00f3n y subir en ascensor al piso 23 de la Torre del Agua. Para recordar: <\/p>\n<blockquote><p>* El momento <em>Konnichiwa<\/em> a la entrada del pabell\u00f3n del pa\u00eds del sol naciente donde Emma y yo demostramos nuestros a\u00f1os de duro aprendizaje del idioma nip\u00f3n xDDD<br \/>* Los 11 euros que quer\u00edan cobrar por una ensalada en el restaurante uruguayo donde, encima de no atenderte nadie, hab\u00eda tanto ruido como en un concierto de los Rolling Stones.<br \/>* Jugar a la &#8220;Escoba&#8221; con las cartas mongolas de Ra\u00fal despu\u00e9s de comer tranquilamente sentados a la sombra, mientras Christoph se echaba una minisiesta sobre un banco. Una vez m\u00e1s perd\u00ed descaradamente: empec\u00e9 con 1 punto y acab\u00e9 con un punto. \u00a1Premio a la regularidad!<br \/>* El pabell\u00f3n de \u00c1frica por fuera *\u00ac* Las piscinitas para refrescarse los pies *\u00ac*<br \/>* Lo visual que era la Expo y lo poco did\u00e1ctica que me pareci\u00f3. Una Expo sobre el agua deber\u00eda, al menos, intentar concienciar a la gente de que el agua NO es gratis y que no s\u00f3lo consumimos agua nosotros. No vi por ninguna parte menci\u00f3n alguna al consumo indirecto de agua \u00ac\u00ac Y eso deber\u00eda haber sido uno de los temas centrales de una expo como la de Zaragoza, sobre todo, en la \u00e9poca en la que vivimos donde el biodiesel es un tema tan actual <span style=\"font-size:78%;\">(no visit\u00e9 todos los pabellones, espero que en alguno de ellos se hiciese alguna menci\u00f3n, aunque fuese peque\u00f1a)<\/span><\/p><\/blockquote>\n<p>&#8211; Rosa, por fin pude hablar cara a cara con mi compa\u00f1era de paranoias y paridas msn xDDD Y lo bien que se lo pas\u00f3 con nosotros y nosotros con ella ^____^<br \/>&#8211; La caminata que se peg\u00f3 Nerea desde la Muralla Romana hasta el Palacio de la Aljafer\u00eda por un fallo m\u00edo, con el calor que hab\u00eda el s\u00e1bado a mediod\u00eda v.v \u00a1Mil perdones!<br \/>&#8211; La reserva en El Fuelle que conseguimos por enchufe (patatero) xDDD<br \/>&#8211; La ducha de Coca-Cola que me dio el ni\u00f1o que iba sentado en la fila de al lado en el bus de vuelta a Madrid. La botella le explot\u00f3 casi literalmente regando a sus vecinos de ese l\u00edquido pringoso u.u<br \/>&#8211; Las dos horas de retraso del avi\u00f3n: Llegamos a Basilea a las 23:45 y como el equipaje tard\u00f3 en salir, perdimos el \u00faltimo bus a la estaci\u00f3n. Chris y yo hicimos nuestra buena acci\u00f3n del a\u00f1o ayudando a tres chicos espa\u00f1oles muy majetes que hab\u00edan volado a Basel para salir en Interrail al d\u00eda siguiente. Les ayudamos con el taxi a la estaci\u00f3n y les deseamos buen viaje <span style=\"font-size:78%;\">(aunque primero tendr\u00edan que pasarse sus buenas seis horas esperando en la estaci\u00f3n hasta que saliese su tren con destino a Viena)<\/span>.<br \/>&#8211; Y el dolor de pies y las pocas horas de sue\u00f1o (aunque Ra\u00fal durmi\u00f3 much\u00edsimo menos, \u00bf8 horas en todo el fin de semana?) y el cansancio acumulado.<\/p>\n<p>Y eso es, m\u00e1s o menos, el resumen. Muchas gracias a todos por ayudarme, guiarnos o simplemente venir, sois todos geniales ;). Las fotos estoy en proceso de recopilaci\u00f3n, me faltan las de Ra\u00fal y bajarme las de Mar\u00eda que las tengo a\u00fan en el correo (estuvimos dos d\u00edas sin Internet por culpa del \u00faltimo update de Microsoft \u00ac\u00ac). En cuanto las tenga todas, har\u00e9 una selecci\u00f3n y las colgar\u00e9 en la web. Y por supuesto, os mandar\u00e9 a todos los implicados (xD) una copia en CD de recuerdo.<\/p>\n<p>Para quien le interese, mi dedo est\u00e1 mucho mejor pero como el tiempo se ha puesto tonto, me molesta un poco m\u00e1s. La semana que viene voy a ver de nuevo a mi m\u00e9dico y el d\u00eda 24 viene mi family a visitarme por primera vez&#8230; ^____^<\/p>\n<p>Os mantendr\u00e9 informados (tanto si quer\u00e9is como si no xD).<\/p>\n<p>Con esto y un bizcocho&#8230; Besos<br \/>Cris<\/p>\n","protected":false},"excerpt":{"rendered":"<p>No, no tiene nada que ver con la peli de la Coppola de t\u00edtulo parecido xD Esta fue, entre otras, una de las muchas paridas del fin de semana pasado en Zaragoza. Antes de que Nerea viniera a explicarnos porqu\u00e9 la Virgen del Pilar se llamaba as\u00ed, Christoph ya estaba sacando sus conclusiones y teor\u00edas [&hellip;]<\/p>\n","protected":false},"author":3,"featured_media":0,"comment_status":"open","ping_status":"closed","sticky":false,"template":"","format":"standard","meta":{"footnotes":""},"categories":[],"tags":[],"class_list":["post-171","post","type-post","status-publish","format-standard","hentry"],"_links":{"self":[{"href":"https:\/\/blog.lapecera.ch\/index.php?rest_route=\/wp\/v2\/posts\/171","targetHints":{"allow":["GET"]}}],"collection":[{"href":"https:\/\/blog.lapecera.ch\/index.php?rest_route=\/wp\/v2\/posts"}],"about":[{"href":"https:\/\/blog.lapecera.ch\/index.php?rest_route=\/wp\/v2\/types\/post"}],"author":[{"embeddable":true,"href":"https:\/\/blog.lapecera.ch\/index.php?rest_route=\/wp\/v2\/users\/3"}],"replies":[{"embeddable":true,"href":"https:\/\/blog.lapecera.ch\/index.php?rest_route=%2Fwp%2Fv2%2Fcomments&post=171"}],"version-history":[{"count":0,"href":"https:\/\/blog.lapecera.ch\/index.php?rest_route=\/wp\/v2\/posts\/171\/revisions"}],"wp:attachment":[{"href":"https:\/\/blog.lapecera.ch\/index.php?rest_route=%2Fwp%2Fv2%2Fmedia&parent=171"}],"wp:term":[{"taxonomy":"category","embeddable":true,"href":"https:\/\/blog.lapecera.ch\/index.php?rest_route=%2Fwp%2Fv2%2Fcategories&post=171"},{"taxonomy":"post_tag","embeddable":true,"href":"https:\/\/blog.lapecera.ch\/index.php?rest_route=%2Fwp%2Fv2%2Ftags&post=171"}],"curies":[{"name":"wp","href":"https:\/\/api.w.org\/{rel}","templated":true}]}}