{"id":1707,"date":"2010-10-25T16:04:59","date_gmt":"2010-10-25T14:04:59","guid":{"rendered":"http:\/\/lapecera.ch\/?p=1707"},"modified":"2010-10-25T16:04:59","modified_gmt":"2010-10-25T14:04:59","slug":"crisis-artistica","status":"publish","type":"post","link":"https:\/\/blog.lapecera.ch\/?p=1707","title":{"rendered":"Crisis art\u00edstica"},"content":{"rendered":"<p>Ayer yo ten\u00eda ensayo a las 3 de la tarde para el concierto del 12 de noviembre. Le hab\u00eda pedido el coche a Andrea, as\u00ed que no ten\u00eda que coger el bus o un Mobility. Como el coche est\u00e1 en el garaje de casa, s\u00f3lo necesitaba 10 minutos para llegar a casa de Erika tranquilamente y tal y tal&#8230; Con tan buena suerte que el coche no arranc\u00f3&#8230; Estaba muerto&#8230; Sin bater\u00eda&#8230; as\u00ed que tuve que salir pitando. El bus ya no lo cog\u00eda, as\u00ed que tuve que reservar un Mobility de la que bajaba andando a la estaci\u00f3n con el consiguiente estr\u00e9s porque, una vez m\u00e1s, <u>Cristina llegaba tarde<\/u> \u00ac\u00ac<\/p>\n<p>Llegu\u00e9 con un cuarto de hora de retraso, ya hab\u00edan calentado la voz y todo y yo con la lengua fuera&#8230; Primero canta Nadine, su <em>Soulmate<\/em>, que en realidad es de Natasha Bedingsfield, pero yo no lo sab\u00eda xD Y luego, plaff, me toca a m\u00ed con <em>Inmortal<\/em>. Empieza la m\u00fasica y despu\u00e9s de &#8220;tengo aqu\u00ed&#8230;&#8221;, me quedo en blanco, pero en blanco de no ser capaz ni de improvisar con otros trozos de canci\u00f3n. Despu\u00e9s de todo esta gente no habla espa\u00f1ol, as\u00ed que puedo cantar lo que a m\u00ed me parezca que no se enteran&#8230; pero ni eso&#8230; Dos intentos, y a la tercera tuve que sacar la letra&#8230; Erika me dec\u00eda: \u00abClaro es que est\u00e1s nerviosa\u00bb, y yo pensando&#8230; No, en realidad me he puesto nerviosa cuando se me ha ido la pinza, antes estaba estresada, quiz\u00e1&#8230; pero nerviosa no. Y de hecho, me puse tan nerviosa cuando me di cuenta de que se me hab\u00eda ido la letra que hasta me temblaban las manos \u00ac\u00ac Y encima me sent\u00eda tonta porque no era capaz de que Erika entendiese que los nervios no ten\u00edan nada que ver con cantar delante de los cuatro gatos que nos hab\u00edamos juntado en su casa ese d\u00eda v.v Se pas\u00f3 todo el rato hablando de &#8220;miedo esc\u00e9nico&#8221; y yo de eso s\u00f3lo tengo si tengo que hacer una presentaci\u00f3n en alem\u00e1n&#8230;<\/p>\n<p><a href=\"http:\/\/eltemplodelasmilpuertas.com\/?templo=templo18.htm\" target=\"_blank\"><img loading=\"lazy\" decoding=\"async\" src=\"http:\/\/lapecera.ch\/wp-content\/uploads\/2010\/10\/miniportada18.jpg\" alt=\"\" title=\"miniportada18\" width=\"200\" height=\"283\" class=\"alignright size-full wp-image-1708\" \/><\/a>Seguimos con el orden del repertorio, as\u00ed que despu\u00e9s de cuatro canciones, me toc\u00f3 de nuevo con <em>Time after time<\/em>. \u00bfOs acord\u00e1is que el otro d\u00eda contaba que no hab\u00eda sido capaz de cantarla correctamente sin la letra delante? Pues imagin\u00e1os los nervios que se me metieron en el cuerpo. Sumas uno m\u00e1s uno, lo extrapolas y dices: \u00abEn esta fallo fijo\u00bb. Del primer fallo me sobrepuse, pero al empezar la segunda estrofa no era capaz de acordarme c\u00f3mo empezaba (<em>after my picture fades<\/em>&#8230; por cierto \u00ac\u00ac), as\u00ed que cant\u00e9 &#8220;lalalalalala&#8221; hasta que llegu\u00e9 a un punto que me sonaba y segu\u00ed cantando&#8230; v.v \u00a1Un desastre! Por suerte, en <em>Mercy<\/em> ten\u00edamos la letra delante aunque no la ve\u00eda bien&#8230; y la que se equivoc\u00f3 fue mi compa\u00f1era xDDDD Lo \u00fanico es que intentando cantar la segunda voz en &#8220;you got me begging&#8221; del puente, me fui por los cerros de \u00dabeda porque no me o\u00eda&#8230; pero bueno&#8230; mejor que las otras dos sali\u00f3 xDDD<\/p>\n<p>As\u00ed fue que llegu\u00e9 a casa con crisis art\u00edstica y Christoph me esperaba con crisis estudiantil&#8230; Y acabamos amarg\u00e1ndonos el domingo el uno al otro \u00ac\u00ac <\/p>\n<p>Pero, oye, no va a ser malo o negativo \ud83d\ude00 <strong>El n\u00famero 18 de <a href=\"http:\/\/eltemplodelasmilpuertas.com\/?templo=templo18.htm\" target=\"_blank\">El Templo de las Mil Puertas<\/a>, donde me estreno oficialmente como reportera, ya ha salido. \u00a1Yujuiiii!<\/strong> Ahora me toca buscarme la vida para conseguir libros y c\u00f3mics para rese\u00f1ar \ud83d\ude1b<\/p>\n<p>Y ahora, voy a ver si acabo con el trabajo prontito para pirarme lo antes posible y pasarme por el centro por el H&#038;M y por la librer\u00eda. Ma\u00f1ana viene Josha Sauer a Z\u00fcrich y quiero comprarme el libro de NICHTLUSTIG con <a href=\"http:\/\/lapecera.ch\/2008\/12\/ni-puta-gracia-i-ii-y-iii\/\">mi vi\u00f1eta favorita<\/a> para que me lo firme \ud83d\ude42<\/p>\n<p>Con esto y un bizcocho&#8230; Besos<br \/>\nCris<\/p>\n","protected":false},"excerpt":{"rendered":"<p>Ayer yo ten\u00eda ensayo a las 3 de la tarde para el concierto del 12 de noviembre. Le hab\u00eda pedido el coche a Andrea, as\u00ed que no ten\u00eda que coger el bus o un Mobility. Como el coche est\u00e1 en el garaje de casa, s\u00f3lo necesitaba 10 minutos para llegar a casa de Erika tranquilamente [&hellip;]<\/p>\n","protected":false},"author":3,"featured_media":0,"comment_status":"open","ping_status":"closed","sticky":false,"template":"","format":"standard","meta":{"footnotes":""},"categories":[],"tags":[],"class_list":["post-1707","post","type-post","status-publish","format-standard","hentry"],"_links":{"self":[{"href":"https:\/\/blog.lapecera.ch\/index.php?rest_route=\/wp\/v2\/posts\/1707","targetHints":{"allow":["GET"]}}],"collection":[{"href":"https:\/\/blog.lapecera.ch\/index.php?rest_route=\/wp\/v2\/posts"}],"about":[{"href":"https:\/\/blog.lapecera.ch\/index.php?rest_route=\/wp\/v2\/types\/post"}],"author":[{"embeddable":true,"href":"https:\/\/blog.lapecera.ch\/index.php?rest_route=\/wp\/v2\/users\/3"}],"replies":[{"embeddable":true,"href":"https:\/\/blog.lapecera.ch\/index.php?rest_route=%2Fwp%2Fv2%2Fcomments&post=1707"}],"version-history":[{"count":0,"href":"https:\/\/blog.lapecera.ch\/index.php?rest_route=\/wp\/v2\/posts\/1707\/revisions"}],"wp:attachment":[{"href":"https:\/\/blog.lapecera.ch\/index.php?rest_route=%2Fwp%2Fv2%2Fmedia&parent=1707"}],"wp:term":[{"taxonomy":"category","embeddable":true,"href":"https:\/\/blog.lapecera.ch\/index.php?rest_route=%2Fwp%2Fv2%2Fcategories&post=1707"},{"taxonomy":"post_tag","embeddable":true,"href":"https:\/\/blog.lapecera.ch\/index.php?rest_route=%2Fwp%2Fv2%2Ftags&post=1707"}],"curies":[{"name":"wp","href":"https:\/\/api.w.org\/{rel}","templated":true}]}}