{"id":170,"date":"2008-07-07T22:22:00","date_gmt":"2008-07-07T20:22:00","guid":{"rendered":"http:\/\/lapecera.ch\/?p=170"},"modified":"2008-07-07T22:22:00","modified_gmt":"2008-07-07T20:22:00","slug":"el-cierzo-zopla-en-zaragoza","status":"publish","type":"post","link":"https:\/\/blog.lapecera.ch\/?p=170","title":{"rendered":"El cierzo &#8220;zopla&#8221; en Zaragoza"},"content":{"rendered":"<p>Holas ni\u00f1os y ni\u00f1as<\/p>\n<p>Ya estoy de vuelta en tierras helv\u00e9ticas despu\u00e9s de una semana bien ajetreada.<\/p>\n<p>El lunes tuve una entrevista en Rotkreuz, que si lo miras desde Basel queda un poco as\u00ed como &#8220;in the Boondocks&#8221;. El puesto era de Test Manager. No deber\u00eda haber mandado de mano el CV a esta empresa <span style=\"font-size:78%;\">(Roche Diagnostics, para ser exactos)<\/span>, pero quer\u00eda tantear un poco el mercado&#8230; De todas formas, me han llamado hoy para decirme que no paso a la siguiente criba. Tampoco es que yo quisiera pasar, no me gust\u00f3 la entrevista, ni la gente con la que tendr\u00eda que trabajar, ni el sitio&#8230; En fin&#8230;<\/p>\n<p>El martes era el cumplea\u00f1os de Janis. Por la ma\u00f1ana nos vinieron a arreglar el tel\u00e9fono. \u00a1\u00a1Aleluya!! Al fin encontraron el cable roto&#8230; Y luego estuve preparando las cosas para irnos a Zaragoza, que si papeles imprimidos, que si la maleta, que si esto, que si lo otro. A las 6 y media cog\u00ed el tren a Olten y luego el regional a H\u00e4gendorf, donde una hora m\u00e1s tarde, con toda la suerte de mi mundo, me romp\u00ed el dedo me\u00f1ique del pie jugando al bal\u00f3n descalza en el prao contra dos contrincantes talentosos: Janis (4) y Alessandro (6).<\/p>\n<p><a href=\"http:\/\/www.lapecera.ch\/uploaded_images\/DSC03212-755638.JPG\" rel=\"example3\"><img decoding=\"async\" style=\"float:right; margin:0 0 10px 10px;cursor:pointer; cursor:hand;\" src=\"http:\/\/www.lapecera.ch\/uploaded_images\/DSC03212-754632.JPG\" border=\"0\" alt=\"\" \/><\/a>El problema de romperte un dedo tan est\u00fapido como el me\u00f1ique estando con tres enfermeras es que, en vez de mandarte directamente al hospital, te dicen: &#8220;Na, parece roto, pero total, no puedes hacer nada con \u00e9l, salvo tomarte antiinflamatorios y analg\u00e9sicos&#8221;. A las 10 Christoph y yo est\u00e1bamos en el hospital de Olten donde me hicieron una radiograf\u00eda y despu\u00e9s de esperar una buena hora y media me sedaron el dedo para coloc\u00e1rmelo porque estaba torc\u00edo. \u00a1\u00a1\u00a1Dios, qu\u00e9 grima!!!<\/p>\n<p>El padre de Chris nos fue a buscar y nos llev\u00f3 a Basilea para que al d\u00eda siguiente pudi\u00e9semos preparar la maleta y fu\u00e9ramos al aeropuerto sin prisas para irnos a Zaragoza&#8230;<\/p>\n<p>El viaje a Zaragoza os lo contar\u00e9 en los pr\u00f3ximos d\u00edas, porque hasta el viernes estoy algo ocupada con m\u00e9dicos y entrevistas de trabajo, pero tengo que gritar a los cuatro vientos: POR FIN conozco en persona a Rosa, yeah!!! xDDDD<\/p>\n<p>Me voy pal sobre \ud83d\ude09 Volver\u00e9 pronto, \u00a1nun sos vayais!<\/p>\n<p>Con esto y un bizcocho&#8230; Besos<br \/>Cris<\/p>\n","protected":false},"excerpt":{"rendered":"<p>Holas ni\u00f1os y ni\u00f1as Ya estoy de vuelta en tierras helv\u00e9ticas despu\u00e9s de una semana bien ajetreada. El lunes tuve una entrevista en Rotkreuz, que si lo miras desde Basel queda un poco as\u00ed como &#8220;in the Boondocks&#8221;. El puesto era de Test Manager. No deber\u00eda haber mandado de mano el CV a esta empresa [&hellip;]<\/p>\n","protected":false},"author":3,"featured_media":0,"comment_status":"open","ping_status":"closed","sticky":false,"template":"","format":"standard","meta":{"footnotes":""},"categories":[],"tags":[],"class_list":["post-170","post","type-post","status-publish","format-standard","hentry"],"_links":{"self":[{"href":"https:\/\/blog.lapecera.ch\/index.php?rest_route=\/wp\/v2\/posts\/170","targetHints":{"allow":["GET"]}}],"collection":[{"href":"https:\/\/blog.lapecera.ch\/index.php?rest_route=\/wp\/v2\/posts"}],"about":[{"href":"https:\/\/blog.lapecera.ch\/index.php?rest_route=\/wp\/v2\/types\/post"}],"author":[{"embeddable":true,"href":"https:\/\/blog.lapecera.ch\/index.php?rest_route=\/wp\/v2\/users\/3"}],"replies":[{"embeddable":true,"href":"https:\/\/blog.lapecera.ch\/index.php?rest_route=%2Fwp%2Fv2%2Fcomments&post=170"}],"version-history":[{"count":0,"href":"https:\/\/blog.lapecera.ch\/index.php?rest_route=\/wp\/v2\/posts\/170\/revisions"}],"wp:attachment":[{"href":"https:\/\/blog.lapecera.ch\/index.php?rest_route=%2Fwp%2Fv2%2Fmedia&parent=170"}],"wp:term":[{"taxonomy":"category","embeddable":true,"href":"https:\/\/blog.lapecera.ch\/index.php?rest_route=%2Fwp%2Fv2%2Fcategories&post=170"},{"taxonomy":"post_tag","embeddable":true,"href":"https:\/\/blog.lapecera.ch\/index.php?rest_route=%2Fwp%2Fv2%2Ftags&post=170"}],"curies":[{"name":"wp","href":"https:\/\/api.w.org\/{rel}","templated":true}]}}