{"id":166,"date":"2008-06-25T08:31:00","date_gmt":"2008-06-25T06:31:00","guid":{"rendered":"http:\/\/lapecera.ch\/?p=166"},"modified":"2008-06-25T08:31:00","modified_gmt":"2008-06-25T06:31:00","slug":"el-cuento-de-la-buena-pipa","status":"publish","type":"post","link":"https:\/\/blog.lapecera.ch\/?p=166","title":{"rendered":"El cuento de la buena pipa"},"content":{"rendered":"<p>S\u00ed, he vuelto, m\u00e1s o menos. He estado algo ausente porque no he tenido tiempo o ganas o simplemente ideas (a veces ten\u00eda ideas, pero se me olvidaban enseguida, me estoy haciendo vieja \u00ac\u00ac) para escribir. Pero hoy me he dicho: &#8220;Aunque no tengas na que decir, actualiza de una buena vez&#8221;.<\/p>\n<p>Y lo cierto es que no tengo mucho que contar. S\u00ed, bueno, la b\u00fasqueda de trabajo, de momento, va viento en popa a toda vela. Ya me han llamado para dos de los puestos en los que me present\u00e9. Tengo las entrevistas entre esta semana y la que viene. Adem\u00e1s, me he puesto en contacto con dos &#8220;Arbeitsvermittler&#8221; (de esos que te buscan el trabajo) y estos me han ofrecido m\u00e1s puestos&#8230; Y aparte tengo una especie de proyecto en una empresa de verduras donde necesitan un poco de ayuda para poner en orden su informaci\u00f3n (la due\u00f1a y jefa de la empresa es la mujer de un compa\u00f1ero de trabajo de Chris). O sea, que de momento vamos bien.<\/p>\n<p>Ayer estuve todo el d\u00eda en Berna. Ando a la b\u00fasqueda y captura de una camisa que me guste y me quede bien o un top de color violeta que sea presentable para ir a una entrevista&#8230; Al final, no encontr\u00e9 ni lo uno ni lo otro, pero me compr\u00e9 una camiseta para ir a correr (y casi una mochila) que estren\u00e9 ayer xDDDD<\/p>\n<p>Esta semana tengo la \u00faltima clase de guitarra (la semana pasada me olvid\u00e9 por completo de ir v.v) y el fin de semana que viene estar\u00e9 en la Expo si Alsa quiere y conocer\u00e9 a Ladynere, por fin (y a lo mejor a Rosa tambi\u00e9n ^___^).<\/p>\n<p><strike>El tel\u00e9fono vuelve a funcionar<\/strike> y mi laptop est\u00e1 a punto de expirar a pesar de haberlo reiniciado todo y tener la mitad de programas e informaci\u00f3n que ten\u00eda antes, pero, tranquilos, que ya le echao el ojo a su sustituto (Sony VAIO *\u00ac*)&#8230; Tenemos nuevo ordenador con Windows XP (nada de Vista, fiu, fiu) y me pas\u00e9 una buena semana recolectando datos de aqu\u00ed y all\u00e1 para ponerlo en orden de nuevo.<\/p>\n<p>Espa\u00f1a gan\u00f3 a Italia en los penaltis de un partido aburrido y Alemania gan\u00f3 a Portugal en el partido m\u00e1s interesante de toda la Eurocopa. Veremos que hacen estos mendas ma\u00f1ana y pasado. Este fin de semana Janis vendr\u00e1 a visitarnos (\u00a1s\u00e1lvese quien pueda!) y nos iremos a ver la final, probablemente, a H\u00e4gendorf o a un sitio donde haya tele xDDD<\/p>\n<p>\u00a1Y Virginia sigue en la academia!<\/p>\n<p>Con esto y un bizcocho&#8230; Besos<br \/>Cris<\/p>\n","protected":false},"excerpt":{"rendered":"<p>S\u00ed, he vuelto, m\u00e1s o menos. He estado algo ausente porque no he tenido tiempo o ganas o simplemente ideas (a veces ten\u00eda ideas, pero se me olvidaban enseguida, me estoy haciendo vieja \u00ac\u00ac) para escribir. Pero hoy me he dicho: &#8220;Aunque no tengas na que decir, actualiza de una buena vez&#8221;. Y lo cierto [&hellip;]<\/p>\n","protected":false},"author":3,"featured_media":0,"comment_status":"open","ping_status":"closed","sticky":false,"template":"","format":"standard","meta":{"footnotes":""},"categories":[],"tags":[],"class_list":["post-166","post","type-post","status-publish","format-standard","hentry"],"_links":{"self":[{"href":"https:\/\/blog.lapecera.ch\/index.php?rest_route=\/wp\/v2\/posts\/166","targetHints":{"allow":["GET"]}}],"collection":[{"href":"https:\/\/blog.lapecera.ch\/index.php?rest_route=\/wp\/v2\/posts"}],"about":[{"href":"https:\/\/blog.lapecera.ch\/index.php?rest_route=\/wp\/v2\/types\/post"}],"author":[{"embeddable":true,"href":"https:\/\/blog.lapecera.ch\/index.php?rest_route=\/wp\/v2\/users\/3"}],"replies":[{"embeddable":true,"href":"https:\/\/blog.lapecera.ch\/index.php?rest_route=%2Fwp%2Fv2%2Fcomments&post=166"}],"version-history":[{"count":0,"href":"https:\/\/blog.lapecera.ch\/index.php?rest_route=\/wp\/v2\/posts\/166\/revisions"}],"wp:attachment":[{"href":"https:\/\/blog.lapecera.ch\/index.php?rest_route=%2Fwp%2Fv2%2Fmedia&parent=166"}],"wp:term":[{"taxonomy":"category","embeddable":true,"href":"https:\/\/blog.lapecera.ch\/index.php?rest_route=%2Fwp%2Fv2%2Fcategories&post=166"},{"taxonomy":"post_tag","embeddable":true,"href":"https:\/\/blog.lapecera.ch\/index.php?rest_route=%2Fwp%2Fv2%2Ftags&post=166"}],"curies":[{"name":"wp","href":"https:\/\/api.w.org\/{rel}","templated":true}]}}