{"id":1651,"date":"2010-10-12T22:54:31","date_gmt":"2010-10-12T20:54:31","guid":{"rendered":"http:\/\/lapecera.ch\/?p=1651"},"modified":"2010-10-12T22:54:31","modified_gmt":"2010-10-12T20:54:31","slug":"d-e-p-ii","status":"publish","type":"post","link":"https:\/\/blog.lapecera.ch\/?p=1651","title":{"rendered":"D.E.P. (II)"},"content":{"rendered":"<p>\u00bfAlguien conoce este grupo suizo? Se llaman Gotthard. A m\u00ed me llevan sonando en la oreja desde que vivo aqu\u00ed, pero como siempre la m\u00fasica y los nombres llevaban caminos diferentes en mi cabeza. Hace una semana de repente a la m\u00fasica le pusieron nombre los titulares&#8230; Hubiese preferido quedarme en la ignorancia. <\/p>\n<p><object width=\"425\" height=\"344\"><param name=\"movie\" value=\"http:\/\/www.youtube.com\/v\/C9Qk7u4-tcw?fs=1&amp;hl=de_DE&amp;color1=0x5d1719&amp;color2=0xcd311b\"><\/param><param name=\"allowFullScreen\" value=\"true\"><\/param><param name=\"allowscriptaccess\" value=\"always\"><\/param><embed src=\"http:\/\/www.youtube.com\/v\/C9Qk7u4-tcw?fs=1&amp;hl=de_DE&amp;color1=0x5d1719&amp;color2=0xcd311b\" type=\"application\/x-shockwave-flash\" allowscriptaccess=\"always\" allowfullscreen=\"true\" width=\"425\" height=\"344\"><\/embed><\/object><\/p>\n<p>D.E.P. Steve Lee <\/p>\n<p>Con esto y un bizcocho&#8230; Besos<br \/>\nCris<\/p>\n","protected":false},"excerpt":{"rendered":"<p>\u00bfAlguien conoce este grupo suizo? Se llaman Gotthard. A m\u00ed me llevan sonando en la oreja desde que vivo aqu\u00ed, pero como siempre la m\u00fasica y los nombres llevaban caminos diferentes en mi cabeza. Hace una semana de repente a la m\u00fasica le pusieron nombre los titulares&#8230; Hubiese preferido quedarme en la ignorancia. D.E.P. Steve [&hellip;]<\/p>\n","protected":false},"author":3,"featured_media":0,"comment_status":"open","ping_status":"closed","sticky":false,"template":"","format":"standard","meta":{"footnotes":""},"categories":[],"tags":[],"class_list":["post-1651","post","type-post","status-publish","format-standard","hentry"],"_links":{"self":[{"href":"https:\/\/blog.lapecera.ch\/index.php?rest_route=\/wp\/v2\/posts\/1651","targetHints":{"allow":["GET"]}}],"collection":[{"href":"https:\/\/blog.lapecera.ch\/index.php?rest_route=\/wp\/v2\/posts"}],"about":[{"href":"https:\/\/blog.lapecera.ch\/index.php?rest_route=\/wp\/v2\/types\/post"}],"author":[{"embeddable":true,"href":"https:\/\/blog.lapecera.ch\/index.php?rest_route=\/wp\/v2\/users\/3"}],"replies":[{"embeddable":true,"href":"https:\/\/blog.lapecera.ch\/index.php?rest_route=%2Fwp%2Fv2%2Fcomments&post=1651"}],"version-history":[{"count":0,"href":"https:\/\/blog.lapecera.ch\/index.php?rest_route=\/wp\/v2\/posts\/1651\/revisions"}],"wp:attachment":[{"href":"https:\/\/blog.lapecera.ch\/index.php?rest_route=%2Fwp%2Fv2%2Fmedia&parent=1651"}],"wp:term":[{"taxonomy":"category","embeddable":true,"href":"https:\/\/blog.lapecera.ch\/index.php?rest_route=%2Fwp%2Fv2%2Fcategories&post=1651"},{"taxonomy":"post_tag","embeddable":true,"href":"https:\/\/blog.lapecera.ch\/index.php?rest_route=%2Fwp%2Fv2%2Ftags&post=1651"}],"curies":[{"name":"wp","href":"https:\/\/api.w.org\/{rel}","templated":true}]}}