{"id":165,"date":"2008-06-11T09:04:00","date_gmt":"2008-06-11T07:04:00","guid":{"rendered":"http:\/\/lapecera.ch\/?p=165"},"modified":"2008-06-11T09:04:00","modified_gmt":"2008-06-11T07:04:00","slug":"everyone-to-seeee","status":"publish","type":"post","link":"https:\/\/blog.lapecera.ch\/?p=165","title":{"rendered":"Everyone to seeee&#8230;"},"content":{"rendered":"<p>Me gusta Virginia, pero ayer lo hizo bastante mal. Le siguen traicionando los nervios y las pocas tablas y esa cadera que se mueve sin control y la respiraci\u00f3n corta, como dir\u00eda Didimus, que ya la da por perdida v.v Sin embargo, eso no es raz\u00f3n para culparla por la nominaci\u00f3n de Noelia como hizo la Galera. \u00bfY si el favorito hubiese sido Manu? \u00bfLe habr\u00edan culpado de la nominaci\u00f3n de (Che)Pablo, el int\u00e9rprete de cruceros (xDDDD)? En fin&#8230; Vamos a tener Virginia para rato e igual hasta gana el programa (\u00a1dios la libre, pobre!). Igual que tendremos Mimi, conejita del Playboy, con desafines y su &#8220;no llego&#8221; hasta la final, ya ver\u00e9is.<\/p>\n<p>De la gala de ayer, lo mejor de todo lo que he visto hasta ahora -me falta Chipper- ha sido <strong>Leona Lewis<\/strong> *\u00ac* \u00bfHe dicho ya que me encanta esta ni\u00f1a? \u00a1Qu\u00e9 maravilla! \u00a1Qu\u00e9 bonita! \u00a1Qu\u00e9 delicia! \u00a1Qu\u00e9 ejemplo a seguir por muchas &#8220;divas&#8221; de esta edici\u00f3n de OT! Aunque claro ella canta con los pinganillos (pantallas o como se llamen) que ning\u00fan concursante de OT puede usar y nunca entender\u00e9 el porqu\u00e9, luego jurado y profesores se quejan de que desafinan&#8230; \u00a1No me extra\u00f1a!<\/p>\n<p>En fin, os dejo con Leona Lewis en el plat\u00f3 de OT <span style=\"font-size:78%;\">(\u00a1Atenci\u00f3n a la cara de Manu! La misma que se me quedar\u00eda a m\u00ed en la misma situaci\u00f3n que \u00e9l O___O)<\/span>.<\/p>\n<p><object height=\"344\" width=\"425\"><param name=\"movie\" value=\"http:\/\/www.youtube.com\/v\/30ZitKRodkE&amp;hl=en&amp;color1=0x5d1719&amp;color2=0xcd311b\"><embed src=\"http:\/\/www.youtube.com\/v\/30ZitKRodkE&#038;hl=en&#038;color1=0x5d1719&#038;color2=0xcd311b\" type=\"application\/x-shockwave-flash\" width=\"425\" height=\"344\"><\/embed><\/object><\/p>\n<p>\u00bfA qu\u00e9 es una pasada? *_______*<\/p>\n<p>Con esto y un bizcocho&#8230; Besos<br \/>Cris<\/p>\n<p>PS: Espa\u00f1a ha empezao con buen pie en el Europeo. \u00a14-1 contra Rusia! A ver si son capaces de mantener el nivel (aunque despu\u00e9s de ver a los griegos jugar, me preocupar\u00eda m\u00e1s Suecia \u00ac\u00ac). Por cierto, viendo el partido de Espa\u00f1a contra Rusia me he dao cuenta lo desconectada que ando de la vida deportiva espa\u00f1ola: \u00a1s\u00f3lo conozco al portero, madre m\u00eda! O.o<br \/>PS2: Ayer me compr\u00e9 mi premio de consolaci\u00f3n <span style=\"font-size:78%;\">(no es lo que parece a simple vista xD)<\/span>: <a href=\"http:\/\/www.lapecera.ch\/imagenesdelblog\/eveninginparis.jpg\" rel=\"example3\">Evening in Paris<\/a><\/p>\n","protected":false},"excerpt":{"rendered":"<p>Me gusta Virginia, pero ayer lo hizo bastante mal. Le siguen traicionando los nervios y las pocas tablas y esa cadera que se mueve sin control y la respiraci\u00f3n corta, como dir\u00eda Didimus, que ya la da por perdida v.v Sin embargo, eso no es raz\u00f3n para culparla por la nominaci\u00f3n de Noelia como hizo [&hellip;]<\/p>\n","protected":false},"author":3,"featured_media":0,"comment_status":"open","ping_status":"closed","sticky":false,"template":"","format":"standard","meta":{"footnotes":""},"categories":[],"tags":[],"class_list":["post-165","post","type-post","status-publish","format-standard","hentry"],"_links":{"self":[{"href":"https:\/\/blog.lapecera.ch\/index.php?rest_route=\/wp\/v2\/posts\/165","targetHints":{"allow":["GET"]}}],"collection":[{"href":"https:\/\/blog.lapecera.ch\/index.php?rest_route=\/wp\/v2\/posts"}],"about":[{"href":"https:\/\/blog.lapecera.ch\/index.php?rest_route=\/wp\/v2\/types\/post"}],"author":[{"embeddable":true,"href":"https:\/\/blog.lapecera.ch\/index.php?rest_route=\/wp\/v2\/users\/3"}],"replies":[{"embeddable":true,"href":"https:\/\/blog.lapecera.ch\/index.php?rest_route=%2Fwp%2Fv2%2Fcomments&post=165"}],"version-history":[{"count":0,"href":"https:\/\/blog.lapecera.ch\/index.php?rest_route=\/wp\/v2\/posts\/165\/revisions"}],"wp:attachment":[{"href":"https:\/\/blog.lapecera.ch\/index.php?rest_route=%2Fwp%2Fv2%2Fmedia&parent=165"}],"wp:term":[{"taxonomy":"category","embeddable":true,"href":"https:\/\/blog.lapecera.ch\/index.php?rest_route=%2Fwp%2Fv2%2Fcategories&post=165"},{"taxonomy":"post_tag","embeddable":true,"href":"https:\/\/blog.lapecera.ch\/index.php?rest_route=%2Fwp%2Fv2%2Ftags&post=165"}],"curies":[{"name":"wp","href":"https:\/\/api.w.org\/{rel}","templated":true}]}}