{"id":1644,"date":"2010-10-12T11:28:38","date_gmt":"2010-10-12T09:28:38","guid":{"rendered":"http:\/\/lapecera.ch\/?p=1644"},"modified":"2010-10-12T11:28:38","modified_gmt":"2010-10-12T09:28:38","slug":"la-maldicion-de-las-trilogias-6%c2%aa-parte","status":"publish","type":"post","link":"https:\/\/blog.lapecera.ch\/?p=1644","title":{"rendered":"La maldici\u00f3n de las trilog\u00edas, 6\u00aa parte"},"content":{"rendered":"<p>\u00a1\u00a1Hilary &#8220;Lizzie McGuire&#8221; Duff escribe libros!! O________O <u>No es co\u00f1a<\/u> \u00a1Muertita me he quedao! As\u00ed que, si ella puede, yo tambi\u00e9n, \u00a1qu\u00e9 carayo, ja! <\/p>\n<p>La prueba del delito est\u00e1 aqu\u00ed: Se titula <em>Elixir<\/em> y \u00a1tach\u00e1n, tach\u00e1n! Es el primero de una saga. No s\u00e9 si echarme a re\u00edr o a llorar. Pero, \u00a1qu\u00e9 man\u00eda con las malditas sagas y trilog\u00edas, se\u00f1or!<\/p>\n<p><a href=\"http:\/\/www.goodreads.com\/book\/show\/7844725-elixir\" target=\"_blank\"><img loading=\"lazy\" decoding=\"async\" src=\"http:\/\/lapecera.ch\/wp-content\/uploads\/2010\/10\/elixir-200x300.jpg\" alt=\"\" title=\"elixir\" width=\"200\" height=\"300\" class=\"alignnone size-medium wp-image-1645\" srcset=\"https:\/\/blog.lapecera.ch\/wp-content\/uploads\/2010\/10\/elixir-200x300.jpg 200w, https:\/\/blog.lapecera.ch\/wp-content\/uploads\/2010\/10\/elixir.jpg 400w\" sizes=\"auto, (max-width: 200px) 100vw, 200px\" \/><\/a><\/p>\n<p>Os contar\u00eda de qu\u00e9 va, pero no lo acabo de pillar del todo. La protagonista es fot\u00f3grafa y cuando su padre desaparece, un muchacho que no conoce de nada empieza a aparecer en sus fotos&#8230; Luego se encuentra con el susodicho y resulta que est\u00e1n predestinados o algo as\u00ed. Se parece un g\u00fcevo a <a href=\"http:\/\/lapecera.ch\/2010\/06\/la-maldicion-de-las-trilogias-4%c2%aa-parte\/\" target=\"_blank\">My name is Memory<\/a>, pero como no he le\u00eddo ninguno de los dos s\u00f3lo puedo hacer conjeturas xDDD<\/p>\n<p>En fin, \u00ab\u00c1nimo, que t\u00fa tambi\u00e9n puedes hacerlo\u00bb, me digo a m\u00ed misma sin mucha convicci\u00f3n \ud83d\ude1b<\/p>\n<p>Cambiando de tema hacia la caja tonta, ayer termin\u00e9 de ver la segunda y \u00faltima temporada de <em>Dollhouse<\/em>. El \u00faltimo cap\u00edtulo es un chimichurrillo. De hecho, los \u00faltimos ocho cap\u00edtulos m\u00e1s o menos, son un chimichurri de todo lo que habr\u00eda pasado en la serie de haber tenido m\u00e1s temporadas. Ya no hay una estructura en los cap\u00edtulos como en la primera con los <em>assignments <\/em>de las <em>Dolls<\/em>, en concreto de Echo. La segunda temporada se centra en el desarrollo de Echo como una personalidad ajena a Caroline y su empe\u00f1o por acabar con <em>Rossum <\/em>y liberar al resto de las <em>Dolls<\/em>. Con la intenci\u00f3n de terminar la serie con un FIN (aunque ese FIN parece sacado de <em>Terminator<\/em> en vista de los cap\u00edtulos finales de las dos temporadas) y que no se quedase colgada como pas\u00f3 en su momento con <em>Firefly<\/em>, resumieron las tramas de temporadas enteras en cap\u00edtulos, haci\u00e9ndolo todo muy confuso y dif\u00edcil de seguir (gracias Wikipedia por mostrarme el camino xDD), pero claro&#8230; no ten\u00edan otra opci\u00f3n. A pesar de que la serie no la cancelaron oficialmente hasta diciembre, cuando la segunda temporada ya estaba en marcha, imagino que Joss Whedon sab\u00eda lo que iba a pasar&#8230; Otra explicaci\u00f3n no le encuentro a lo que hicieron con la segunda temporada&#8230; De todas formas la serie me ha gustado un mont\u00f3n, no tanto que uno de mis personajes favoritos acabe siendo el malo maloso, pero es interesante y podr\u00eda haber dado un par de buenas temporadas (hasta que se les fuese la pinza como con <em>Buffy<\/em> y <em>Angel<\/em> :P). \u00a1Una pena!<\/p>\n<p>Bueno, y ahora voy a ver si encuentro algo que hacer que sea medianamente interesante o caer\u00e9 dormida delante de la pantalla del ordenador.<\/p>\n<p>Con esto y un bizcocho&#8230; Besos<br \/>\nCris<\/p>\n","protected":false},"excerpt":{"rendered":"<p>\u00a1\u00a1Hilary &#8220;Lizzie McGuire&#8221; Duff escribe libros!! O________O No es co\u00f1a \u00a1Muertita me he quedao! As\u00ed que, si ella puede, yo tambi\u00e9n, \u00a1qu\u00e9 carayo, ja! La prueba del delito est\u00e1 aqu\u00ed: Se titula Elixir y \u00a1tach\u00e1n, tach\u00e1n! Es el primero de una saga. No s\u00e9 si echarme a re\u00edr o a llorar. Pero, \u00a1qu\u00e9 man\u00eda con [&hellip;]<\/p>\n","protected":false},"author":3,"featured_media":0,"comment_status":"open","ping_status":"closed","sticky":false,"template":"","format":"standard","meta":{"footnotes":""},"categories":[],"tags":[],"class_list":["post-1644","post","type-post","status-publish","format-standard","hentry"],"_links":{"self":[{"href":"https:\/\/blog.lapecera.ch\/index.php?rest_route=\/wp\/v2\/posts\/1644","targetHints":{"allow":["GET"]}}],"collection":[{"href":"https:\/\/blog.lapecera.ch\/index.php?rest_route=\/wp\/v2\/posts"}],"about":[{"href":"https:\/\/blog.lapecera.ch\/index.php?rest_route=\/wp\/v2\/types\/post"}],"author":[{"embeddable":true,"href":"https:\/\/blog.lapecera.ch\/index.php?rest_route=\/wp\/v2\/users\/3"}],"replies":[{"embeddable":true,"href":"https:\/\/blog.lapecera.ch\/index.php?rest_route=%2Fwp%2Fv2%2Fcomments&post=1644"}],"version-history":[{"count":0,"href":"https:\/\/blog.lapecera.ch\/index.php?rest_route=\/wp\/v2\/posts\/1644\/revisions"}],"wp:attachment":[{"href":"https:\/\/blog.lapecera.ch\/index.php?rest_route=%2Fwp%2Fv2%2Fmedia&parent=1644"}],"wp:term":[{"taxonomy":"category","embeddable":true,"href":"https:\/\/blog.lapecera.ch\/index.php?rest_route=%2Fwp%2Fv2%2Fcategories&post=1644"},{"taxonomy":"post_tag","embeddable":true,"href":"https:\/\/blog.lapecera.ch\/index.php?rest_route=%2Fwp%2Fv2%2Ftags&post=1644"}],"curies":[{"name":"wp","href":"https:\/\/api.w.org\/{rel}","templated":true}]}}