{"id":164,"date":"2008-06-07T18:49:00","date_gmt":"2008-06-07T16:49:00","guid":{"rendered":"http:\/\/lapecera.ch\/?p=164"},"modified":"2008-06-07T18:49:00","modified_gmt":"2008-06-07T16:49:00","slug":"bring-en-hei","status":"publish","type":"post","link":"https:\/\/blog.lapecera.ch\/?p=164","title":{"rendered":"bring en hei"},"content":{"rendered":"<p>Acaba de terminar la primera mitad del partido Suiza &#8211; Chequia (o Rep\u00fablica Checa) con empate a 0 y <a href=\"http:\/\/es.wikipedia.org\/wiki\/Alexander_Frei\" target=\"_blank\">Alex Frei<\/a>, capitan del equipo suizo y delantero estrella de la selecci\u00f3n, lesionado y probablemente como baja para toda la Eurocopa&#8230; Es conmovedor ver a un hombre de 28 a\u00f1os llorando como un ni\u00f1o al ver frustradas sus esperanzas de participar en el Europeo en el que el equipo suizo, el equipo anfitri\u00f3n, tendr\u00eda posibilidades de llegar lejos. \u00a1Realmente me da pena, pobrecillo! Espero que eso no desmoralice a todo el equipo v.v <\/p>\n<p>S\u00ed, lo s\u00e9, no sueno nada patri\u00f3tica, \u00bfverdad? Pero es que lo que hagan los espa\u00f1oles me da igual. Despu\u00e9s de tantos a\u00f1os sigui\u00e9ndoles y decepcionando una vez detr\u00e1s de otra. Prefiero animar a un equipo que lo necesite y me caiga mejor xDDD<\/p>\n<p>Hoy he estado de compras en la ciudad (s\u00ed, al fin tengo un traje decente y unos zapatos mon\u00edsimo, s\u00f3lo me falta un bolso xD). Basilea era un hervidero de fans suizos y checos pintados, vestidos y con accesorios a cual m\u00e1s original. La mitad de ellos ya estaban tres horas antes de empezar el partido borrachos perdidos, pero el ambiente que se respiraba hoy en la ciudad no lo hab\u00eda visto NUNCA y mucho menos en Suiza. Entre eso y el ambiente futbolero general (coches con banderitas, balcones adornados, medio surtido del Migros reconvertido en productos para la Eurocopa) que reina, sobre todo, desde hace una semana, no estoy segura de sobrevivir a este Europeo sin matar a alg\u00fan fan v.v<\/p>\n<p>Pero bueno, el partido ha vuelto a empezar y <a href=\"http:\/\/es.wikipedia.org\/wiki\/Hakan_Yak%C4%B1n\" target=\"_blank\">Hakan Yakin<\/a> sustituye a Frei&#8230; \u00a1A ver c\u00f3mo sigue! ;))<\/p>\n<p>Con esto y un bizcocho&#8230; Besos<br \/>Cris<\/p>\n<p>PS: Edito: <a href=\"http:\/\/www.youtube.com\/watch?v=iu5xcr-j7kE\" target=\"_blank\">El v\u00eddeo de la estaci\u00f3n de Basilea el d\u00eda del partido inagural de la Eurocopa<\/a>. Lo dicho: \u00a1Una locura!<br \/>PS2: <a href=\"http:\/\/www.youtube.com\/watch?v=83QgVRSlVK8\" target=\"_blank\">&#8220;Bring en Hei&#8221; de Baschi<\/a> es la canci\u00f3n inoficial de la Eurocopa en Suiza.<br \/>PS3: Son las 19:29, los checos marcan un gol y los fans suizos se vuelven como locos animando a su equipo&#8230; xDDD<\/p>\n","protected":false},"excerpt":{"rendered":"<p>Acaba de terminar la primera mitad del partido Suiza &#8211; Chequia (o Rep\u00fablica Checa) con empate a 0 y Alex Frei, capitan del equipo suizo y delantero estrella de la selecci\u00f3n, lesionado y probablemente como baja para toda la Eurocopa&#8230; Es conmovedor ver a un hombre de 28 a\u00f1os llorando como un ni\u00f1o al ver [&hellip;]<\/p>\n","protected":false},"author":3,"featured_media":0,"comment_status":"open","ping_status":"closed","sticky":false,"template":"","format":"standard","meta":{"footnotes":""},"categories":[],"tags":[],"class_list":["post-164","post","type-post","status-publish","format-standard","hentry"],"_links":{"self":[{"href":"https:\/\/blog.lapecera.ch\/index.php?rest_route=\/wp\/v2\/posts\/164","targetHints":{"allow":["GET"]}}],"collection":[{"href":"https:\/\/blog.lapecera.ch\/index.php?rest_route=\/wp\/v2\/posts"}],"about":[{"href":"https:\/\/blog.lapecera.ch\/index.php?rest_route=\/wp\/v2\/types\/post"}],"author":[{"embeddable":true,"href":"https:\/\/blog.lapecera.ch\/index.php?rest_route=\/wp\/v2\/users\/3"}],"replies":[{"embeddable":true,"href":"https:\/\/blog.lapecera.ch\/index.php?rest_route=%2Fwp%2Fv2%2Fcomments&post=164"}],"version-history":[{"count":0,"href":"https:\/\/blog.lapecera.ch\/index.php?rest_route=\/wp\/v2\/posts\/164\/revisions"}],"wp:attachment":[{"href":"https:\/\/blog.lapecera.ch\/index.php?rest_route=%2Fwp%2Fv2%2Fmedia&parent=164"}],"wp:term":[{"taxonomy":"category","embeddable":true,"href":"https:\/\/blog.lapecera.ch\/index.php?rest_route=%2Fwp%2Fv2%2Fcategories&post=164"},{"taxonomy":"post_tag","embeddable":true,"href":"https:\/\/blog.lapecera.ch\/index.php?rest_route=%2Fwp%2Fv2%2Ftags&post=164"}],"curies":[{"name":"wp","href":"https:\/\/api.w.org\/{rel}","templated":true}]}}