{"id":1639,"date":"2010-10-08T12:13:27","date_gmt":"2010-10-08T10:13:27","guid":{"rendered":"http:\/\/lapecera.ch\/?p=1639"},"modified":"2010-10-08T12:13:27","modified_gmt":"2010-10-08T10:13:27","slug":"modern-voices-2010","status":"publish","type":"post","link":"https:\/\/blog.lapecera.ch\/?p=1639","title":{"rendered":"Modern Voices 2010"},"content":{"rendered":"<p><strong><a href=\"http:\/\/www.modernvoices.ch\">www.modernvoices.ch<\/a><\/strong><br \/>\n<b>12 de noviembre a las 19h, <a href=\"http:\/\/maps.google.ch\/maps?hl=de&#038;ie=UTF8&#038;q=restaurant+zum+kreuz&#038;fb=1&#038;gl=ch&#038;ei=8-GuTMzfF8u04AaA-YSNBg&#038;ved=0CCIQtgMwAA&#038;t=h&#038;sll=47.349771,7.903676&#038;sspn=0.010351,0.01929&#038;split=1&#038;rq=1&#038;ev=zi&#038;radius=0.54&#038;hq=restaurant+zum+kreuz&#038;hnear=&#038;ll=47.349793,7.903762&#038;spn=0.005176,0.009645&#038;z=17\" target=\"_blank\">Restaurante Kreuz, Olten<\/a>, Entrada gratis<\/b><\/p>\n<p>Lo primero de todo, imaginaos que la foto de la web no es la que sale ah\u00ed, sino la que yo he puesto en el post. Cuando pille al Sr. Tanner, se va a comer mi foto \u00ac\u00ac<\/p>\n<p>Lo segundo: est\u00e1is todos invitados \ud83d\ude42<\/p>\n<p>Este fin de semana deber\u00eda ir con Dominik y Christoph a hacer una v\u00eda ferrata, pero me duele demasiado la espalda y estoy muy cansada, aparte de que la casa est\u00e1 patas arriba y no hay comida en la nevera, as\u00ed que es muy, m\u00e1s que probable que no vaya y descanse el s\u00e1bado, recuper\u00e1ndome de la &#8220;vuelta al cole&#8221;. El domingo tengo que estar a las 2 en el ensayo de las canciones corales para Modern Voices.<\/p>\n<p>Ayer tuve clase de canto y \u00bfos pod\u00e9is creer que no fui capaz de cantar &#8220;Time after time&#8221; sin la letra delante sin equivocarme tres o cuatro veces? Lo peor de todo es que luego en el coche de vuelta a casa, la cant\u00e9 sin problemas, en el orden correcto y sin fallos. Lo que hace la presi\u00f3n \u00ac\u00ac <\/p>\n<p><a href=\"http:\/\/lapecera.ch\/wp-content\/uploads\/2010\/10\/Bild-04.jpg\" rel=\"example3\"><img loading=\"lazy\" decoding=\"async\" src=\"http:\/\/lapecera.ch\/wp-content\/uploads\/2010\/10\/Bild-04-300x199.jpg\" alt=\"\" title=\"Bild-04\" width=\"300\" height=\"199\" class=\"alignright size-medium wp-image-1640\" \/><\/a> La &#8220;vuelta al cole&#8221; ha sido tranquila porque no tengo mucho que hacer y lo que tengo que hacer me aburre soberanamente, pero al menos, no es una campa\u00f1a de testing. Lo que s\u00ed me confirmaron anteayer es que a partir del 1 de enero dejo el equipo en el que estoy ahora y me mudo a la divisi\u00f3n de <em>Production<\/em> dentro de la reorganizaci\u00f3n de mi departamento actual. Mi jefa y Silvie me acompa\u00f1ar\u00e1n en el \u00e9xodo&#8230; Por un lado, me lo esperaba, vamos, lo sab\u00eda desde que el viernes antes de irme de vacaciones nos comunicaron los cambios, pero me da pena dejar a Dirk y Gregor atr\u00e1s. De todas formas, a saber en qu\u00e9 acaba todo esto, conoci\u00e9ndolos, de aqu\u00ed a enero, ya cambiaron de idea tres veces \u00ac\u00ac<\/p>\n<p>Las vacaciones en Asturias se pueden resumir en ropa, libros, zapatos, universidad y holgazaner\u00eda xD En sendas visitas a la FNAC, Cervantes, Bertrand y la biblioteca de mi madre consegu\u00ed acumular 16 libros, aunque en total deber\u00edan haber sido 22, pero tuve que contenerme y no robarle a mi madre el resto de libros de Gerald de Rivia y al final le dej\u00e9 a mi hermana en casa <em>Historia de un segundo<\/em> y <em>Mujer mirando al mar<\/em> para que se los leyera despu\u00e9s del empacho que se pill\u00f3 con <em>Sara y las goleadoras<\/em> (el sexto lo termin\u00f3 la ma\u00f1ana del s\u00e1bado antes de que yo cerrase la maleta xDDDD). <\/p>\n<p>Mi hermana empez\u00f3 a la universidad el d\u00eda 27 de septiembre y la acompa\u00f1\u00e9 porque me hac\u00eda ilusi\u00f3n (y ella no se opuso xP). Me hizo gracia ver que la empanada y la timidez con la que todos entraron en su primera clase como universitarios&#8230; Se ve que esas cosas no cambian por muy espabilaos que est\u00e9n los ni\u00f1os de hoy en d\u00eda xDDD<\/p>\n<p>En fin&#8230; Ahora toca irse a comer, despu\u00e9s de no haber dado golpe en toda la ma\u00f1ana&#8230; \u00a1Chachi! \ud83d\ude1b<\/p>\n<p>Con esto y un bizcocho&#8230; Besos<br \/>\nCris<\/p>\n<p>PS: Al final de la barra lateral hay una nube de categor\u00edas muy chula que estoy probando, \u00bfqu\u00e9 os parece? Podr\u00eda ponerla con Tags\/etiquetas, pero es que no uso etiquetas, s\u00f3lo las categor\u00edas&#8230; Me cuesta un poco de trabajo encontrar la diferencia entre las unas y las otras fO.o<\/p>\n","protected":false},"excerpt":{"rendered":"<p>www.modernvoices.ch 12 de noviembre a las 19h, Restaurante Kreuz, Olten, Entrada gratis Lo primero de todo, imaginaos que la foto de la web no es la que sale ah\u00ed, sino la que yo he puesto en el post. Cuando pille al Sr. Tanner, se va a comer mi foto \u00ac\u00ac Lo segundo: est\u00e1is todos invitados [&hellip;]<\/p>\n","protected":false},"author":3,"featured_media":0,"comment_status":"open","ping_status":"closed","sticky":false,"template":"","format":"standard","meta":{"footnotes":""},"categories":[],"tags":[],"class_list":["post-1639","post","type-post","status-publish","format-standard","hentry"],"_links":{"self":[{"href":"https:\/\/blog.lapecera.ch\/index.php?rest_route=\/wp\/v2\/posts\/1639","targetHints":{"allow":["GET"]}}],"collection":[{"href":"https:\/\/blog.lapecera.ch\/index.php?rest_route=\/wp\/v2\/posts"}],"about":[{"href":"https:\/\/blog.lapecera.ch\/index.php?rest_route=\/wp\/v2\/types\/post"}],"author":[{"embeddable":true,"href":"https:\/\/blog.lapecera.ch\/index.php?rest_route=\/wp\/v2\/users\/3"}],"replies":[{"embeddable":true,"href":"https:\/\/blog.lapecera.ch\/index.php?rest_route=%2Fwp%2Fv2%2Fcomments&post=1639"}],"version-history":[{"count":0,"href":"https:\/\/blog.lapecera.ch\/index.php?rest_route=\/wp\/v2\/posts\/1639\/revisions"}],"wp:attachment":[{"href":"https:\/\/blog.lapecera.ch\/index.php?rest_route=%2Fwp%2Fv2%2Fmedia&parent=1639"}],"wp:term":[{"taxonomy":"category","embeddable":true,"href":"https:\/\/blog.lapecera.ch\/index.php?rest_route=%2Fwp%2Fv2%2Fcategories&post=1639"},{"taxonomy":"post_tag","embeddable":true,"href":"https:\/\/blog.lapecera.ch\/index.php?rest_route=%2Fwp%2Fv2%2Ftags&post=1639"}],"curies":[{"name":"wp","href":"https:\/\/api.w.org\/{rel}","templated":true}]}}