{"id":163,"date":"2008-06-05T14:05:00","date_gmt":"2008-06-05T12:05:00","guid":{"rendered":"http:\/\/lapecera.ch\/?p=163"},"modified":"2008-06-05T14:05:00","modified_gmt":"2008-06-05T12:05:00","slug":"mis-cedes-gato-negro","status":"publish","type":"post","link":"https:\/\/blog.lapecera.ch\/?p=163","title":{"rendered":"Mis CeDes: Amaral"},"content":{"rendered":"<p>Cuando haya escuchado el drag\u00f3n rojo, comentar\u00e9 sobre \u00e9l, si es que llego a escucharlo.<\/p>\n<p>Anteayer me lleg\u00f3 el nuevo disco de Amaral desde Espa\u00f1a junto a mi nueva SIM (que, por cierto, mami, olv\u00eddate de lo que te dije antes, sigue sin funcionar). He escuchado el primer disco esta ma\u00f1ana y cuando iba a poner el segundo disco, me dio por leer lo que ven\u00eda en la parte interior de la caja:<\/p>\n<p><a href=\"http:\/\/www.lapecera.ch\/uploaded_images\/amaral-746099.jpg\" rel=\"example3\"><img decoding=\"async\" style=\"DISPLAY: block; MARGIN: 0px auto 10px; CURSOR: hand; TEXT-ALIGN: center\" alt=\"\" src=\"http:\/\/www.lapecera.ch\/uploaded_images\/amaral-746079.jpg\" border=\"0\" \/><\/a><br \/>En un pa\u00eds como Espa\u00f1a, donde te cobran un canon desmedido por comprarte CDs v\u00edrgenes para grabar fotos porque la Asociaci\u00f3n de Autores corre el riesgo de que se te cuele un MP3 (de tu propiedad), donde tienen el morro de cascarte 16\u20ac por el nuevo disco de Amaral o el de M-Clan -y vale que el de Amaral sea doble, pero el de M-Clan s\u00f3lo tiene 10 canciones-, me parece de muy mala baba y muy poca confianza en los fans (que ir\u00e1n a los concierto, y entonces, te har\u00e1n ganar dinero), escribir semejante declaraci\u00f3n demag\u00f3gica en el interior de un CD. Con deciros que en cuanto lo le\u00ed decid\u00ed no escuchar el segundo disco, y si no fuera porque ya est\u00e1 abierto, lo habr\u00eda mandado de vuelta a la FNAC (con chapitas inclu\u00eddas \u00ac\u00ac).<\/p>\n<p>Me gusta mucho Amaral y me comprar\u00eda los tickets para cualquier concierto suyo a cualquier hora, si se vinieran a Berna, Basilea, Zurich o incluso Munich, como hizo Jarabe de Palo en su momento, pero por estas chorradas no paso. Que alguien me den las gracias por apoyarles y al mismo tiempo me adviertan de esa manera de que no puedo dej\u00e1rle a mi hermana de 16 a\u00f1os mi disco de 30 francos para que se haga una copia (que es lo mismo que hac\u00edamos hace a\u00f1os con las famosas cassettes) o se lo ripee para meterlo en su iPod porque ella no tiene ese dinero para compr\u00e1rselo, me parece indigno y deleznable, como casi todo lo que tiene que ver con la industria discogr\u00e1fica en Espa\u00f1a \u00ac\u00ac<\/p>\n<p>De momento, no tengo opini\u00f3n sobre el disco, me ha gustado la m\u00fasica aunque los textos no acaban de calarme, salvo frases puntuales&#8230; Eso s\u00ed, me parece m\u00e1s maduro que &#8220;Estrella polar&#8221;, aunque siempre considerar\u00e9 &#8220;Morir\u00eda por vos&#8221; como una de las canciones m\u00e1s bonitas del mundo entero.<\/p>\n<p>En fin, que ya me he desahogao y ahora me voy a poner a recoger el estudio que esto parece una jungla despu\u00e9s de dos semanas de acumular trastos sobre la mesa \ud83d\ude09<\/p>\n<p>Con esto y un bizcocho&#8230; Besos<br \/>Cris<\/p>\n<p>PS: Ejemplo de tomadura de pelo a la espa\u00f1ola:<br \/>&#8211; precio del nuevo disco de Alanis Morrisette en FNAC Espa\u00f1a: 16.95\u20ac (precio FNAC, ojo).<br \/>&#8211; precio del nuevo disco de Alanis Morrisette en Ex Libris Schweiz: 14.20\u20ac (22.90 CHF seg\u00fan <a href=\"http:\/\/www.xe.com\/ucc\">www.xe.com\/ucc<\/a>).<br \/>\u00bfAlguien se quej\u00f3 alguna vez de que Suiza era un pa\u00eds muy caro? fO.o<\/p>\n","protected":false},"excerpt":{"rendered":"<p>Cuando haya escuchado el drag\u00f3n rojo, comentar\u00e9 sobre \u00e9l, si es que llego a escucharlo. Anteayer me lleg\u00f3 el nuevo disco de Amaral desde Espa\u00f1a junto a mi nueva SIM (que, por cierto, mami, olv\u00eddate de lo que te dije antes, sigue sin funcionar). He escuchado el primer disco esta ma\u00f1ana y cuando iba a [&hellip;]<\/p>\n","protected":false},"author":3,"featured_media":0,"comment_status":"open","ping_status":"closed","sticky":false,"template":"","format":"standard","meta":{"footnotes":""},"categories":[],"tags":[],"class_list":["post-163","post","type-post","status-publish","format-standard","hentry"],"_links":{"self":[{"href":"https:\/\/blog.lapecera.ch\/index.php?rest_route=\/wp\/v2\/posts\/163","targetHints":{"allow":["GET"]}}],"collection":[{"href":"https:\/\/blog.lapecera.ch\/index.php?rest_route=\/wp\/v2\/posts"}],"about":[{"href":"https:\/\/blog.lapecera.ch\/index.php?rest_route=\/wp\/v2\/types\/post"}],"author":[{"embeddable":true,"href":"https:\/\/blog.lapecera.ch\/index.php?rest_route=\/wp\/v2\/users\/3"}],"replies":[{"embeddable":true,"href":"https:\/\/blog.lapecera.ch\/index.php?rest_route=%2Fwp%2Fv2%2Fcomments&post=163"}],"version-history":[{"count":0,"href":"https:\/\/blog.lapecera.ch\/index.php?rest_route=\/wp\/v2\/posts\/163\/revisions"}],"wp:attachment":[{"href":"https:\/\/blog.lapecera.ch\/index.php?rest_route=%2Fwp%2Fv2%2Fmedia&parent=163"}],"wp:term":[{"taxonomy":"category","embeddable":true,"href":"https:\/\/blog.lapecera.ch\/index.php?rest_route=%2Fwp%2Fv2%2Fcategories&post=163"},{"taxonomy":"post_tag","embeddable":true,"href":"https:\/\/blog.lapecera.ch\/index.php?rest_route=%2Fwp%2Fv2%2Ftags&post=163"}],"curies":[{"name":"wp","href":"https:\/\/api.w.org\/{rel}","templated":true}]}}