{"id":162,"date":"2008-06-03T11:58:00","date_gmt":"2008-06-03T09:58:00","guid":{"rendered":"http:\/\/lapecera.ch\/?p=162"},"modified":"2008-06-03T11:58:00","modified_gmt":"2008-06-03T09:58:00","slug":"como-darle-la-vuelta-a-la-tortilla","status":"publish","type":"post","link":"https:\/\/blog.lapecera.ch\/?p=162","title":{"rendered":"C\u00f3mo darle la vuelta a la tortilla"},"content":{"rendered":"<p>Ayer entregu\u00e9 a mi jefe mi carta de despido (\u00bfo se llama &#8220;de dimisi\u00f3n&#8221;?). Hemos acordado que oficialmente en vez de estar despedida, me voy yo solita&#8230; Ahora bien, inoficialmente ya todos sab\u00e9is que lo que ha pasado es que me han mostrado muy amablemente donde est\u00e1 la puerta. En fin, ayer me enter\u00e9, entre otras cosas, que de momento en la empresa no va a haber testing, al menos como yo lo hac\u00eda, pero que lo est\u00e1n consultando con un externo&#8230; \u00a1A ver c\u00f3mo lo arreglan! Por mi parte, trabajar\u00e9 hasta el mi\u00e9rcoles y el lunes de la semana que viene comunicar\u00e1n la noticia dentro de la empresa. Igual escribo un e-mail para despedirme de mis developers, pero todav\u00eda no estoy segura de querer hacerlo (lo m\u00e1s seguro es que mande \u00fanica y exclusivamente e-mails a las personas con las que quiera mantener contacto, o sea, tres o cuatro xD).<\/p>\n<p><a href=\"http:\/\/www.lapecera.ch\/uploaded_images\/getsmart-(2)-706620.jpg\" rel=*example3\"><img decoding=\"async\" style=\"float:right; margin:0 0 10px 10px;cursor:pointer; cursor:hand;\" src=\"http:\/\/www.lapecera.ch\/uploaded_images\/getsmart-(2)-706519.jpg\" border=\"0\" alt=\"\" \/><\/a>Yo, de momento, estoy en fase de recuperaci\u00f3n. Al menos, ya no lloro y empiezo a ver que no todo es culpa m\u00eda, que yo podr\u00eda haber hecho m\u00e1s, pero ellos tampoco es que se matasen; y que yo no era la persona adecuada para introducir en la empresa las estructuras que necesitaban. Ma\u00f1ana he quedado con Katharina, hoy me voy al cine, el jueves ir\u00e9 a correr y a clase de guitarra&#8230; Y entre tanto, revisar\u00e9 mi curr\u00edculum y me pondr\u00e9 en contacto con mi&#8230; \u00bfc\u00f3mo se llama un <em>Arbeitsvermittler <\/em>en espa\u00f1ol? fO.o \u00bf<em>Recrutador de personal<\/em>?<\/p>\n<p>Anteayer acab\u00e9 de ver &#8220;Persepolis&#8221; en DVD. Hab\u00edamos empezado el viernes, creo, pero no pudimos acabar porque nos dorm\u00edamos (despu\u00e9s de tanto jaleo xD). Si el c\u00f3mic me gust\u00f3, la pel\u00edcula es maravillosa. Aunque la vi en alem\u00e1n, la dobladora de Marjanne de ni\u00f1a, tiene una voz tan, tan achuchable&#8230; En fin, que os ve\u00e1is la peli, si a\u00fan no lo hab\u00e9is hecho.<\/p>\n<p>Adem\u00e1s, este verano y oto\u00f1o est\u00e1 lleno de estrenos interesantes. Por ejemplo y sin ir muy lejos, &#8220;The Dark Knight&#8221; con el fallecido Heath Ledger, la adaptaci\u00f3n a la gran pantalla de &#8220;Superagente 86&#8221; que tengo unas ganas terribles de ver (espero que sean fieles al original) con Steve Carrell y Anne Hathaway o la nueva peli de &#8220;Expediente X&#8221; *\u00ac*. Curioso me resulta la nueva pel\u00edcula de &#8220;Hulk&#8221; con Edward Norton, con lo que a m\u00ed me gust\u00f3 Eric Bana en la versi\u00f3n de Ang Lee v.v O la tercera entrega de &#8220;La momia&#8221; donde ya no sale Rachel Weisz y la sustituye Maria Bello fO.o \u00a1Ah! Y la Jolie tiene peli nueva (supongo que la har\u00eda antes de quedarse embarazada), &#8220;Wanted&#8221;, que tiene muy buena pinta&#8230; Yo pa ir empezando por algo, hoy me voy a ver &#8220;Made of honor&#8221; xD<\/p>\n<p>Y mientras tanto, que alguien mande un sms para salvar a Virginia en mi nombre que mi nueva tarjeta SIM espa\u00f1ola a\u00fan no funciona en Suiza v.v<\/p>\n<p>Con esto y un bizcocho&#8230; Besos<br \/>Cris<\/p>\n","protected":false},"excerpt":{"rendered":"<p>Ayer entregu\u00e9 a mi jefe mi carta de despido (\u00bfo se llama &#8220;de dimisi\u00f3n&#8221;?). Hemos acordado que oficialmente en vez de estar despedida, me voy yo solita&#8230; Ahora bien, inoficialmente ya todos sab\u00e9is que lo que ha pasado es que me han mostrado muy amablemente donde est\u00e1 la puerta. En fin, ayer me enter\u00e9, entre [&hellip;]<\/p>\n","protected":false},"author":3,"featured_media":0,"comment_status":"open","ping_status":"closed","sticky":false,"template":"","format":"standard","meta":{"footnotes":""},"categories":[],"tags":[],"class_list":["post-162","post","type-post","status-publish","format-standard","hentry"],"_links":{"self":[{"href":"https:\/\/blog.lapecera.ch\/index.php?rest_route=\/wp\/v2\/posts\/162","targetHints":{"allow":["GET"]}}],"collection":[{"href":"https:\/\/blog.lapecera.ch\/index.php?rest_route=\/wp\/v2\/posts"}],"about":[{"href":"https:\/\/blog.lapecera.ch\/index.php?rest_route=\/wp\/v2\/types\/post"}],"author":[{"embeddable":true,"href":"https:\/\/blog.lapecera.ch\/index.php?rest_route=\/wp\/v2\/users\/3"}],"replies":[{"embeddable":true,"href":"https:\/\/blog.lapecera.ch\/index.php?rest_route=%2Fwp%2Fv2%2Fcomments&post=162"}],"version-history":[{"count":0,"href":"https:\/\/blog.lapecera.ch\/index.php?rest_route=\/wp\/v2\/posts\/162\/revisions"}],"wp:attachment":[{"href":"https:\/\/blog.lapecera.ch\/index.php?rest_route=%2Fwp%2Fv2%2Fmedia&parent=162"}],"wp:term":[{"taxonomy":"category","embeddable":true,"href":"https:\/\/blog.lapecera.ch\/index.php?rest_route=%2Fwp%2Fv2%2Fcategories&post=162"},{"taxonomy":"post_tag","embeddable":true,"href":"https:\/\/blog.lapecera.ch\/index.php?rest_route=%2Fwp%2Fv2%2Ftags&post=162"}],"curies":[{"name":"wp","href":"https:\/\/api.w.org\/{rel}","templated":true}]}}