{"id":161,"date":"2008-05-29T16:25:00","date_gmt":"2008-05-29T14:25:00","guid":{"rendered":"http:\/\/lapecera.ch\/?p=161"},"modified":"2008-05-29T16:25:00","modified_gmt":"2008-05-29T14:25:00","slug":"adios-itsystems-adios","status":"publish","type":"post","link":"https:\/\/blog.lapecera.ch\/?p=161","title":{"rendered":"Adios, itsystems, adios"},"content":{"rendered":"<p>S\u00ed, hoy hace un cuarto de hora me han dado la carta de despido en itsystems. Han notado que no estoy contenta con el trabajo que hago y consideran que la mejor forma de solucionarlo es despedirme.<\/p>\n<p>Lo cierto es que de alguna forma no me sorprende. Me lo ven\u00eda oliendo desde antes, incluso, de la famosa reuni\u00f3n para &#8220;leerme la cartilla&#8221; y yo ya hab\u00eda pensado varias veces en marcharme antes de que ellos me echasen, pero no deja de dolerme como lo han hecho (justo despues de recibir ayer una carta &#8220;de amor&#8221; de una de mis compa\u00f1eras de trabajo). Hoy Dario, sin aviso previo ni nada, me ha dicho que si pod\u00eda venir un momento y de repente me lo han cascado en la sala de reuniones&#8230; Pero esta vez me he rebelado y, si bien al final acab\u00e9 llorando, me defend\u00ed y dej\u00e9 las cosas claras: que mi trabajo me gustaba, pero no pod\u00eda motivarme con semejantes apoyos y ayudas, que he estado trabajando en cosas que ellos no sab\u00edan ni que exist\u00edan (y que se las van a perder cuando me vaya, o sea, ma\u00f1ana) y que son unos ca\u00f3ticos de mierda donde la mano izquierda no sabe lo que hace la derecha&#8230;<\/p>\n<p>Lo siento por m\u00ed, porque ahora tendr\u00e9 que ponerme a buscar trabajo sin tener suficiente energ\u00eda para ello; lo siento por Christoph, porque es el que m\u00e1s me ayud\u00f3 a intentar poner un orden en mi ca\u00f3tico trabajo. Y sobre todo, lo siento por itsystems porque crecer\u00e1n y ganar\u00e1n millones y vivir\u00e1n felices con sus BMWs M5, sus bicicletas de monta\u00f1as y su mentalidad alternativa de pacotilla, pero \u00a1no saben lo que se pierden! <span style=\"font-size:78%;\">(Con l\u00e1grimas en los ojos, pero \u00a1ol\u00e9, mis ovarios!)<\/span>.<\/p>\n<p>Este es mi primer suspenso, mi primer fracaso en la vida laboral. Quer\u00eda irme de itsystems con la cabeza alta y dejando claro lo que yo le hab\u00eda dado a esta empresa, pero me voy casi como volv\u00ed. Yo tengo m\u00e1s experiencias sociales, un certificado del ISTQB (que casi vale oro) y, espero, alg\u00fan que otro\/a amigo\/a, pero ellos tienen lo mismo que ten\u00edan hace dos a\u00f1os.<\/p>\n<p>\u00a1Adios, itsystems, adios! \u00a1Que te vaya bonito!<\/p>\n<p>Me voy pa&#8217; casa.<\/p>\n<p>Con esto y un bizcocho&#8230; Besos<br \/>Cris<\/p>\n","protected":false},"excerpt":{"rendered":"<p>S\u00ed, hoy hace un cuarto de hora me han dado la carta de despido en itsystems. Han notado que no estoy contenta con el trabajo que hago y consideran que la mejor forma de solucionarlo es despedirme. Lo cierto es que de alguna forma no me sorprende. Me lo ven\u00eda oliendo desde antes, incluso, de [&hellip;]<\/p>\n","protected":false},"author":3,"featured_media":0,"comment_status":"open","ping_status":"closed","sticky":false,"template":"","format":"standard","meta":{"footnotes":""},"categories":[],"tags":[],"class_list":["post-161","post","type-post","status-publish","format-standard","hentry"],"_links":{"self":[{"href":"https:\/\/blog.lapecera.ch\/index.php?rest_route=\/wp\/v2\/posts\/161","targetHints":{"allow":["GET"]}}],"collection":[{"href":"https:\/\/blog.lapecera.ch\/index.php?rest_route=\/wp\/v2\/posts"}],"about":[{"href":"https:\/\/blog.lapecera.ch\/index.php?rest_route=\/wp\/v2\/types\/post"}],"author":[{"embeddable":true,"href":"https:\/\/blog.lapecera.ch\/index.php?rest_route=\/wp\/v2\/users\/3"}],"replies":[{"embeddable":true,"href":"https:\/\/blog.lapecera.ch\/index.php?rest_route=%2Fwp%2Fv2%2Fcomments&post=161"}],"version-history":[{"count":0,"href":"https:\/\/blog.lapecera.ch\/index.php?rest_route=\/wp\/v2\/posts\/161\/revisions"}],"wp:attachment":[{"href":"https:\/\/blog.lapecera.ch\/index.php?rest_route=%2Fwp%2Fv2%2Fmedia&parent=161"}],"wp:term":[{"taxonomy":"category","embeddable":true,"href":"https:\/\/blog.lapecera.ch\/index.php?rest_route=%2Fwp%2Fv2%2Fcategories&post=161"},{"taxonomy":"post_tag","embeddable":true,"href":"https:\/\/blog.lapecera.ch\/index.php?rest_route=%2Fwp%2Fv2%2Ftags&post=161"}],"curies":[{"name":"wp","href":"https:\/\/api.w.org\/{rel}","templated":true}]}}