{"id":160,"date":"2008-05-27T17:58:00","date_gmt":"2008-05-27T15:58:00","guid":{"rendered":"http:\/\/lapecera.ch\/?p=160"},"modified":"2008-05-27T17:58:00","modified_gmt":"2008-05-27T15:58:00","slug":"lalala","status":"publish","type":"post","link":"https:\/\/blog.lapecera.ch\/?p=160","title":{"rendered":"Lalala"},"content":{"rendered":"<p>No, no vengo a comentar de nuevo el Euro(asia)vision Song Contest&#8230;<\/p>\n<p>Hoy he tenido una clase de canto de prueba con Evelyne P\u00e9quignot. Hemos calentado la voz con mamamamama y luego hemos cantado &#8220;Tears in heaven&#8221;, que lleg\u00f3 a sonar bien aunque el tono fuera demasiado bajo para m\u00ed, de momento (dadme tiempo y una ca\u00f1a y os canto como Leonard Cohen, juju). A\u00fan no s\u00e9 si voy a seguir dando clases o no o c\u00f3mo lo voy a hacer, pero me gustar\u00eda un mont\u00f3n&#8230; Se me apetece. Adem\u00e1s, Evelyne me ayudar\u00e1 a aprender a cantar con todo mi cuerpo, como dec\u00eda mi amigo Sergio, a utilizar las resonancias que tenemos y no s\u00f3lo dejar el tono en la garganta&#8230; Me gust\u00f3 mucho. Creo que igual mando al FC Allschwil a buscar gusanos y me apunto a las clases de canto&#8230;<\/p>\n<p>Os presento a Evy <span style=\"font-size:78%;\">(aunque no lo parece es una chica super dulce y m\u00e1s bajita que yo)<\/span>:<\/p>\n<p><object height=\"355\" width=\"425\"><param name=\"movie\" value=\"http:\/\/www.youtube.com\/v\/8rkhYlSpUTo&amp;hl=en&amp;color1=0x5d1719&amp;color2=0xcd311b\"><param name=\"wmode\" value=\"transparent\"><embed src=\"http:\/\/www.youtube.com\/v\/8rkhYlSpUTo&#038;hl=en&#038;color1=0x5d1719&#038;color2=0xcd311b\" type=\"application\/x-shockwave-flash\" wmode=\"transparent\" width=\"425\" height=\"355\"><\/embed><\/object><\/p>\n<p>Voy a ir haciendo una lista de canciones que me gustar\u00eda llegar a cantar bien. Ya tengo un par de ellas en mente xDD Ya os contar\u00e9&#8230;<\/p>\n<p>Con esto y un bizcocho&#8230; Besos<br \/>Cris<\/p>\n<p>PS: Y no os olvid\u00e9is de votar a Virgina por m\u00ed, asias ^____^<\/p>\n","protected":false},"excerpt":{"rendered":"<p>No, no vengo a comentar de nuevo el Euro(asia)vision Song Contest&#8230; Hoy he tenido una clase de canto de prueba con Evelyne P\u00e9quignot. Hemos calentado la voz con mamamamama y luego hemos cantado &#8220;Tears in heaven&#8221;, que lleg\u00f3 a sonar bien aunque el tono fuera demasiado bajo para m\u00ed, de momento (dadme tiempo y una [&hellip;]<\/p>\n","protected":false},"author":3,"featured_media":0,"comment_status":"open","ping_status":"closed","sticky":false,"template":"","format":"standard","meta":{"footnotes":""},"categories":[],"tags":[],"class_list":["post-160","post","type-post","status-publish","format-standard","hentry"],"_links":{"self":[{"href":"https:\/\/blog.lapecera.ch\/index.php?rest_route=\/wp\/v2\/posts\/160","targetHints":{"allow":["GET"]}}],"collection":[{"href":"https:\/\/blog.lapecera.ch\/index.php?rest_route=\/wp\/v2\/posts"}],"about":[{"href":"https:\/\/blog.lapecera.ch\/index.php?rest_route=\/wp\/v2\/types\/post"}],"author":[{"embeddable":true,"href":"https:\/\/blog.lapecera.ch\/index.php?rest_route=\/wp\/v2\/users\/3"}],"replies":[{"embeddable":true,"href":"https:\/\/blog.lapecera.ch\/index.php?rest_route=%2Fwp%2Fv2%2Fcomments&post=160"}],"version-history":[{"count":0,"href":"https:\/\/blog.lapecera.ch\/index.php?rest_route=\/wp\/v2\/posts\/160\/revisions"}],"wp:attachment":[{"href":"https:\/\/blog.lapecera.ch\/index.php?rest_route=%2Fwp%2Fv2%2Fmedia&parent=160"}],"wp:term":[{"taxonomy":"category","embeddable":true,"href":"https:\/\/blog.lapecera.ch\/index.php?rest_route=%2Fwp%2Fv2%2Fcategories&post=160"},{"taxonomy":"post_tag","embeddable":true,"href":"https:\/\/blog.lapecera.ch\/index.php?rest_route=%2Fwp%2Fv2%2Ftags&post=160"}],"curies":[{"name":"wp","href":"https:\/\/api.w.org\/{rel}","templated":true}]}}