{"id":1593,"date":"2010-09-15T13:44:44","date_gmt":"2010-09-15T11:44:44","guid":{"rendered":"http:\/\/lapecera.ch\/?p=1593"},"modified":"2010-09-15T13:44:44","modified_gmt":"2010-09-15T11:44:44","slug":"la-gracia-que-me-gasto","status":"publish","type":"post","link":"https:\/\/blog.lapecera.ch\/?p=1593","title":{"rendered":"La gracia que me gasto"},"content":{"rendered":"<p>Hace una semana tuve el primer ensayo de &#8220;Mercy&#8221; con mi compa\u00f1era de dueto, Nicole. Entiendo que la ni\u00f1a s\u00f3lo tiene 20 a\u00f1itos y es as\u00ed como muy paradita y t\u00edmida, pero de ah\u00ed a que la profesora me ponga a m\u00ed de ejemplo&#8230; fO.o Pues eso es lo que pas\u00f3 cuando la profesora nos grab\u00f3 cantando la canci\u00f3n xDDD<\/p>\n<p>En fin&#8230; Cambiemos de tema \ud83d\ude42 El s\u00e1bado llegaron sanos y salvos la se\u00f1orita M\u00f3nica y el se\u00f1orito Javier a nuestra casa. Al d\u00eda siguiente nos \u00edbamos a Zermatt a pasar dos d\u00edas en la monta\u00f1a como cabras. Ten\u00edamos planeado pasar la noche en el <a href=\"http:\/\/www.zermatt.net\/trift\/de\/\" target=\"_blank\"> hotel Trift<\/a> a 2337m, pero la altura combinada con un leve caso de deshidrataci\u00f3n nos dejaron a medio camino, o sea, en la pensi\u00f3n de monta\u00f1a <a href=\"http:\/\/www.edelweiss-zermatt.ch\/index.htm\" target=\"_blank\">Edelweiss<\/a> a 1961m. El se\u00f1or Edgar von Siebenthal nos trat\u00f3 como reyes, se sent\u00f3 con nosotros para discutir el men\u00fa de la cena que consisti\u00f3 en <em>R\u00f6sti<\/em> y <em>K\u00e4seschnitten<\/em> y vino Heida, y por la ma\u00f1ana tuvimos un buen desayuno a las 8h. Christoph hizo de traductor para un par de chicas francesas porque el se\u00f1or von Siebenthal no hablaba franc\u00e9s y la comunicaci\u00f3n, llegado un punto, se hizo algo dif\u00edcil xDD<\/p>\n<p>Al d\u00eda siguiente seguimos camino hacia Furi dando un rodeo que nos llev\u00f3 hasta un embalse y nos permiti\u00f3 ver a un \u00e1guila real cazando *______* y a las ovejas aut\u00f3ctonas del Valais que se parecen, tal y como nos record\u00f3 M\u00f3nica, a los Tauntaun del planeta Hoth de &#8220;La Guerra de las Galaxias&#8221; xDDD Luego subimos hasta Schwarzsee a hacerle fotos al Matterhorn que el d\u00eda estaba muy guapo y no hab\u00eda apenar nubes cerca de la monta\u00f1a. Javi tir\u00f3 fotos como un chiflao. Adem\u00e1s, donde nos sentamos a comer en el restaurante ten\u00edamos una vista magn\u00edfica \ud83d\ude42<\/p>\n<p><a href=\"http:\/\/lapecera.ch\/wp-content\/uploads\/2010\/09\/DSC_0883.jpg\" rel=\"example3\" title=\"La se\u00f1orita Petra Parker\"><img loading=\"lazy\" decoding=\"async\" src=\"http:\/\/lapecera.ch\/wp-content\/uploads\/2010\/09\/DSC_0885-300x200.jpg\" alt=\"\" title=\"DSC_0885\" width=\"300\" height=\"200\" class=\"alignleft size-medium wp-image-1596\" \/><\/a>M\u00f3nica se pas\u00f3 todo el d\u00eda llamando al Matterhorn, el monte Toblerone, porque es el logo de esa marca de chocolate. Hay mucha gente, yo entre ellos, que piensa que la forma del Toblerone est\u00e1 inspirada en el monte de la cumbre torcida, pero no hace mucho descubr\u00ed que no es as\u00ed. Resulta que Theodore Tobler, el inventor de la tableta, encontr\u00f3 la inspiraci\u00f3n para la forma del chocolate en el <em>Folies Berg\u00e8re<\/em> en Paris mientras ve\u00eda una actuaci\u00f3n&#8230; Un mito ca\u00eddo T______T Pero bueno, lo mismo me da, el Matterhorn seguir\u00e1 siendo el monte Toblerone toda la vida xDDD<\/p>\n<p>En esos dos d\u00edas lo pasamos pipa, nos echamos una risas muy sanas e hicimos fotos a diestro y siniestro&#8230; En cuanto tenga tiempo os subo las fotos. <\/p>\n<p>El lunes por la noche tuvimos una confrontaci\u00f3n con mi nueva vecina, Petra Parker (ver foto para m\u00e1s se\u00f1as xD). La tipa es especialmente grande y a Javi no se le ocurri\u00f3 mejor idea que hacerle fotos con el teleobjetivo xDDD Y claro, luego la zoomeabamos y le ve\u00edamos los ojillos. Cuando se fueron todos a la cama, me decid\u00ed a sacarla al menos a la terraza porque M\u00f3nica estaba que mord\u00eda. Con ayuda del primer tomo de <em>Nausica\u00e4<\/em> consegu\u00ed empujarla hasta casi el jard\u00edn (al final se me col\u00f3 por el ra\u00edl de las ventanas)&#8230; Ponga una <em>papalbina <\/em>en su vida, le librar\u00e1 de Petras Parkers y dem\u00e1s animales de compa\u00f1\u00eda indeseados. Por favor, ll\u00e1menme h\u00e9roe de ahora en adelante xDDDD<\/p>\n<p>Y nada, de momento poco m\u00e1s hay que contar. Los visitantes estuvieron ayer en Lucerna y subieron al Rigi, y hoy se iban a ver Berna y los osos y tomarse una cervecita en el <em><a href=\"http:\/\/www.altestramdepot.ch\/htm\/home.htm\" target=\"_blank\">Altes Tramdepot<\/a><\/em>. Ma\u00f1ana se vienen a Zurich y por la noche vamos a Basel a encontrarnos con el resto de espa\u00f1oles \ud83d\ude42 Ya os contar\u00e9&#8230; De momento voy a seguir trabajando \ud83d\ude1b<\/p>\n<p>Con esto y un bizcocho&#8230; Besos<br \/>\nCris<\/p>\n<p>PS: Me he comprado el audiolibro de <em>Splitterherz<\/em> para no tener que cargar con las 600 p\u00e1ginas de libro y ayer intentando buscar en el libro por d\u00f3nde voy escuchando, me encontr\u00e9 con que lo que se lee es una versi\u00f3n resumida y por ejemplo, se han zampado una visita que la protagonista recibe de sus antiguas amigas&#8230; Y digo yo, si la visita no era importante y la quitaron de la versi\u00f3n audio, \u00bfpor qu\u00e9 le\u00f1e tengo que cargar con las p\u00e1ginas de m\u00e1s del libro si quiero llev\u00e1rmelo en el tren? \u00bfNo hubiese sido m\u00e1s sencillo quitar eso tambi\u00e9n en el momento de la edici\u00f3n? fO.o<\/p>\n","protected":false},"excerpt":{"rendered":"<p>Hace una semana tuve el primer ensayo de &#8220;Mercy&#8221; con mi compa\u00f1era de dueto, Nicole. Entiendo que la ni\u00f1a s\u00f3lo tiene 20 a\u00f1itos y es as\u00ed como muy paradita y t\u00edmida, pero de ah\u00ed a que la profesora me ponga a m\u00ed de ejemplo&#8230; fO.o Pues eso es lo que pas\u00f3 cuando la profesora nos [&hellip;]<\/p>\n","protected":false},"author":3,"featured_media":0,"comment_status":"open","ping_status":"closed","sticky":false,"template":"","format":"standard","meta":{"footnotes":""},"categories":[],"tags":[],"class_list":["post-1593","post","type-post","status-publish","format-standard","hentry"],"_links":{"self":[{"href":"https:\/\/blog.lapecera.ch\/index.php?rest_route=\/wp\/v2\/posts\/1593","targetHints":{"allow":["GET"]}}],"collection":[{"href":"https:\/\/blog.lapecera.ch\/index.php?rest_route=\/wp\/v2\/posts"}],"about":[{"href":"https:\/\/blog.lapecera.ch\/index.php?rest_route=\/wp\/v2\/types\/post"}],"author":[{"embeddable":true,"href":"https:\/\/blog.lapecera.ch\/index.php?rest_route=\/wp\/v2\/users\/3"}],"replies":[{"embeddable":true,"href":"https:\/\/blog.lapecera.ch\/index.php?rest_route=%2Fwp%2Fv2%2Fcomments&post=1593"}],"version-history":[{"count":0,"href":"https:\/\/blog.lapecera.ch\/index.php?rest_route=\/wp\/v2\/posts\/1593\/revisions"}],"wp:attachment":[{"href":"https:\/\/blog.lapecera.ch\/index.php?rest_route=%2Fwp%2Fv2%2Fmedia&parent=1593"}],"wp:term":[{"taxonomy":"category","embeddable":true,"href":"https:\/\/blog.lapecera.ch\/index.php?rest_route=%2Fwp%2Fv2%2Fcategories&post=1593"},{"taxonomy":"post_tag","embeddable":true,"href":"https:\/\/blog.lapecera.ch\/index.php?rest_route=%2Fwp%2Fv2%2Ftags&post=1593"}],"curies":[{"name":"wp","href":"https:\/\/api.w.org\/{rel}","templated":true}]}}