{"id":159,"date":"2008-05-26T15:35:00","date_gmt":"2008-05-26T13:35:00","guid":{"rendered":"http:\/\/lapecera.ch\/?p=159"},"modified":"2008-05-26T15:35:00","modified_gmt":"2008-05-26T13:35:00","slug":"europa-o-eurasia","status":"publish","type":"post","link":"https:\/\/blog.lapecera.ch\/?p=159","title":{"rendered":"Europa o Eurasia"},"content":{"rendered":"<p><a href=\"http:\/\/www.youtube.com\/watch?v=6KSnj7_RkFk\" target=\"_blank\">Era Stupendo<\/a> no sobrevivi\u00f3 la semifinal y Rusia gan\u00f3 <em>Eurasiavision<\/em> <span style=\"font-size:78%;\">(con Israel, Armenia, Georgia y Azerbaiy\u00e1n compitiendo no se puede llamar Eurovisi\u00f3n)<\/span> con Evgeni Plushenko como bailar\u00edn go-go en el escenario \u2013menos mal que no le dio por hacer ning\u00fan triple axel. El a\u00f1o que viene Suiza ir\u00e1 representada por Roger Federer cantando <a href=\"http:\/\/www.youtube.com\/watch?v=fmsy6wA-T0o\" target=\"_blank\">Schacher Seppeli<\/a> y Espa\u00f1a llevar\u00e1 a Fernando Alonso a dar vueltas con un kart en el escenario, mientras Pablo de OT canta &#8220;Mi carro&#8221; al piano sobre una plataforma. En fin&#8230;<\/p>\n<p><a href=\"http:\/\/www.lapecera.ch\/uploaded_images\/eurovotes2-781903.jpg\" rel=\"example3\"><img decoding=\"async\" style=\"float:left; margin:0 10px 10px 0;cursor:pointer; cursor:hand;\" src=\"http:\/\/www.lapecera.ch\/uploaded_images\/eurovotes2-781775.jpg\" border=\"0\" alt=\"\" \/><\/a>Este fin de semana, aparte de ver Eurovisi\u00f3n por equivocaci\u00f3n, hemos estado en Del\u00e9mont visitando a Sam y Herv\u00e9 y a Susan y Mario, que tienen nueva casa y hab\u00eda que verla. Sam me perjur\u00f3 que se hab\u00eda puesto super gorda con el embarazo. Yo esperaba encontrarme con una bolita de queso humana, pero al final no es para tanto&#8230; Si mi madre la viera, dir\u00eda que trae una ni\u00f1a, pero hasta el 13 de julio (o antes) no nos enteraremos porque el papi no quiere saber si es ni\u00f1o o ni\u00f1a v.v Ya os contar\u00e9 en unas semanas ^____^<\/p>\n<p>El viernes fue la Hoffest, tambi\u00e9n conocida como La fiesta del Patio, de itsystems. La comida asi\u00e1tica estuvo muy bien, aunque el sushi, que de sushi ten\u00eda lo que yo de japonesa, era m\u00e1s bien asquerosillo (lo mismo que la salsa de soja :P). Los DJs estuvieron genial y por la noche ya empezaron a desbarrar y entre canci\u00f3n y canci\u00f3n de Green Day, Robbie Williams o Babyshambles nos met\u00edan alguna que otra cosa infumable&#8230; Pero el balance total fue bueno, aunque me quedara sin cantar este a\u00f1o v.v<\/p>\n<p>\u00a1Ah! \u00a1Que se me olvidaba contar lo del FC Allschwil! El martes fui al entrenamiento y, aunque las chicas son mu majas (aunque un poco cortitas \u00ac\u00ac), el entrenador es un gilipollas de cuidao. No s\u00e9 muy bien de qu\u00e9 iba el tipo, pero me pareci\u00f3 que se las daba un poco de macho-yo-lo-s\u00e9-todo-y-t\u00fa-no-tienes-ni-puta-idea. No me present\u00f3 al equipo y me qued\u00e9 con la impresi\u00f3n de que no era bienvenida. Lo mejor: cuando le pregunt\u00e9 qu\u00e9 ten\u00eda que hacer para formar parte del club, me dijo que ya ver\u00edamos porque primero hab\u00eda que ver como me manejaba con el bal\u00f3n&#8230; Y digo yo: disculpe, se\u00f1\u00f3, pero si yo pago mi abono anual al club, yo puedo venir a entrenar aunque juegue con las manos&#8230; \u00a1No te jode! Recomendaci\u00f3n especial \u00e0 la papal: No llev\u00e9is playeros de correr para ir a jugar a f\u00fatbol en un campo mojado v.v Llegu\u00e9 a casa con los pies cala\u00edtos, oye \u00ac\u00ac <\/p>\n<p>En OT, en la clase de Manzo, llevan toda la semana preparando &#8220;Hallelujah&#8221;. La canci\u00f3n me encanta y tengo pegado el <em>I&#8217;ve heard there was a secret chord&#8230;<\/em> desde hace d\u00edas (como que Christoph ya me pide que me calle cuando me da por tararearla xD)&#8230; Y ma\u00f1ana es la gala 7 de OT. Virginia canta una canci\u00f3n de Radiohead, que disculpen mi incultura musical, no hab\u00eda escuchado en mi vida <span style=\"font-size:78%;\">(o sea, no hab\u00eda escuchado Radiohead en mi vida, aunque sab\u00eda que exist\u00edan, no como otros)<\/span> y lo que he visto del pase de micros est\u00e1 bastante bien&#8230; Veremos a ver qu\u00e9 hace ma\u00f1ana&#8230; Porfiplis, que alguien mande un sms por m\u00ed para salvar a la Viki que yo ya no tengo SIM espa\u00f1ola, muxas asias xDDD<\/p>\n<p>Os dejo ya&#8230;<\/p>\n<p>Con esto y un bizcocho&#8230; Besos<br \/>Cris<\/p>\n","protected":false},"excerpt":{"rendered":"<p>Era Stupendo no sobrevivi\u00f3 la semifinal y Rusia gan\u00f3 Eurasiavision (con Israel, Armenia, Georgia y Azerbaiy\u00e1n compitiendo no se puede llamar Eurovisi\u00f3n) con Evgeni Plushenko como bailar\u00edn go-go en el escenario \u2013menos mal que no le dio por hacer ning\u00fan triple axel. El a\u00f1o que viene Suiza ir\u00e1 representada por Roger Federer cantando Schacher Seppeli [&hellip;]<\/p>\n","protected":false},"author":3,"featured_media":0,"comment_status":"open","ping_status":"closed","sticky":false,"template":"","format":"standard","meta":{"footnotes":""},"categories":[],"tags":[],"class_list":["post-159","post","type-post","status-publish","format-standard","hentry"],"_links":{"self":[{"href":"https:\/\/blog.lapecera.ch\/index.php?rest_route=\/wp\/v2\/posts\/159","targetHints":{"allow":["GET"]}}],"collection":[{"href":"https:\/\/blog.lapecera.ch\/index.php?rest_route=\/wp\/v2\/posts"}],"about":[{"href":"https:\/\/blog.lapecera.ch\/index.php?rest_route=\/wp\/v2\/types\/post"}],"author":[{"embeddable":true,"href":"https:\/\/blog.lapecera.ch\/index.php?rest_route=\/wp\/v2\/users\/3"}],"replies":[{"embeddable":true,"href":"https:\/\/blog.lapecera.ch\/index.php?rest_route=%2Fwp%2Fv2%2Fcomments&post=159"}],"version-history":[{"count":0,"href":"https:\/\/blog.lapecera.ch\/index.php?rest_route=\/wp\/v2\/posts\/159\/revisions"}],"wp:attachment":[{"href":"https:\/\/blog.lapecera.ch\/index.php?rest_route=%2Fwp%2Fv2%2Fmedia&parent=159"}],"wp:term":[{"taxonomy":"category","embeddable":true,"href":"https:\/\/blog.lapecera.ch\/index.php?rest_route=%2Fwp%2Fv2%2Fcategories&post=159"},{"taxonomy":"post_tag","embeddable":true,"href":"https:\/\/blog.lapecera.ch\/index.php?rest_route=%2Fwp%2Fv2%2Ftags&post=159"}],"curies":[{"name":"wp","href":"https:\/\/api.w.org\/{rel}","templated":true}]}}