{"id":1584,"date":"2010-09-09T14:06:41","date_gmt":"2010-09-09T12:06:41","guid":{"rendered":"http:\/\/lapecera.ch\/?p=1584"},"modified":"2010-09-09T14:06:41","modified_gmt":"2010-09-09T12:06:41","slug":"o-de-wurm","status":"publish","type":"post","link":"https:\/\/blog.lapecera.ch\/?p=1584","title":{"rendered":"\u00d4 de Wurm"},"content":{"rendered":"<p>El martes empez\u00f3 a llover, vamos, que el martes empez\u00f3 el oto\u00f1o&#8230; aunque una no se puede quejar que ahora mismo brilla el sol \ud83d\ude1b <\/p>\n<p>El caso es que el martes por la tarde de vuelta a casa empez\u00f3 mi carrera de obst\u00e1culos, o mejor dicho, de caracoles. Llegar a mi casa  desde la parada del autob\u00fas fue un cachondeo, sobre todo si se tiene en cuenta que llevaba un c\u00f3mic en la mano que intentaba leer. \u00bfPor qu\u00e9? Porque el suelo estaba plagadito de caracoles y babosas. Me da mucha pena pisar caracolitos, pero si piso una babosa me muero de asco, \u00a1\u00a1ewww!! :S As\u00ed que ten\u00eda medio ojo en el c\u00f3mic y otro ojo y medio en el suelo&#8230; Por suerte, no me llev\u00e9 nada por delante, pero jo, llevo as\u00ed varios d\u00edas, por la ma\u00f1ana y por la tarde, en una de estas piso algo v.v<\/p>\n<p>Esta semana me lleg\u00f3 por fin <em>Zweiohrk\u00fcken<\/em>, para llevarme una decepci\u00f3n con la peli. Bueno, en parte est\u00e1 bien, es super divertida en muchos puntos, pero la historia de Ludo y Anna se va por los cerros de \u00dabeda y el final me pareci\u00f3 a\u00fan m\u00e1s bizarro que el de <em>Keinohrhasen<\/em> \u00ac\u00ac \u00a1Con lo que me gusta a m\u00ed Til Schweiger! En esta peli pierde un mont\u00f3n, lo gana Nora Tschirner, pero no es suficiente para hacer la pel\u00edcula interesante. Me re\u00ed como una imb\u00e9cil durante 3\/4 partes de la pel\u00edcula y con el resto sent\u00ed casi verg\u00fcenza ajena. \u00a1Una pena, la verdad! Espero que la pr\u00f3xima peli alemana que vea (lease <em>Groupies bleiben nicht zum Fr\u00fchst\u00fcck<\/em>) no me decepcione demasiado&#8230; y eso que ya me he visto gran parte de la peli en los v\u00eddeos que han colgado los de la productora en Facebook &#8211; si siguen as\u00ed, no necesitar\u00e9 ir a cine, cagun xDDD Hoy ir\u00e9 a comprarme <em>Prince of Persia<\/em> que ya la he visto dos veces y me encanta *_______* \u00bfAlguien sabe si van a hacer m\u00e1s pelis sobre las aventuras de Dastan? *______________*<\/p>\n<p>Ayer termin\u00e9 de leer mi libro n\u00famero 38 del a\u00f1o. Estoy muy orgullosa de m\u00ed misma, salvo por el hecho de que \u00faltimamente todo lo que leo est\u00e1 en ingl\u00e9s y tiene la misma tem\u00e1tica. No es que me haya cansado del tema, es que empieza a ser un pel\u00edn <em>peinlich<\/em> que s\u00f3lo lea novelas para adolescentes v.v El libro, <em><a href=\"http:\/\/www.anobii.com\/papalbina\/comments?page=1#01da059c180825a1d6\" target=\"_blank\">Return to Paradise<\/a><\/em> de Simone Elkeles, es la segunda parte de <em>Leaving Paradise<\/em>, cuya historia hab\u00eda quedado inacabada y que concluye con un <em>happy ending<\/em> de los que a m\u00ed me gustan en esta segunda parte. Si hab\u00e9is le\u00eddo <em>Qu\u00edmica Perfecta<\/em>, estos dos os encantar\u00edan, incluso es probable que, como a m\u00ed, os gusten a\u00fan m\u00e1s. Caleb y Maggie son un par de personajes geniales y el libro se centra en su relaci\u00f3n, pero sin ser empalagoso o cursi, de una forma bonita, simplemente bonita. Lo \u00fanico que no me gusta del libro es la <a href=\"http:\/\/lapecera.ch\/wp-content\/uploads\/2010\/09\/Return-to-Paradise.jpg\" rel=\"example3\" title=\"Te sientes un poco pat\u00e9tica con esto en la mano de camino al tren v.v\">portada<\/a>, que da un poco de verg\u00fcenza ir en el tren leyendo, sobre todo, por las miraditas que te echa la gente en cuanto la ve&#8230; Adem\u00e1s la comparas con la de <a href=\"http:\/\/lapecera.ch\/wp-content\/uploads\/2010\/09\/leaving.jpg\" rel=\"example3\">Leaving paradise<\/a> y quieres matar a la dise\u00f1adora \u00ac\u00ac<\/p>\n<p>Y ahora os dejo algo interesante. <em>Qu\u00edmica Perfecta<\/em> tiene una segunda parte, <em>Rules of attraction<\/em>, y una tercera parte, <em>Chain Reaction<\/em>, a\u00fan por escribir\/publicar. Para promocionar el segundo libro hicieron un trailer, que parece una pel\u00edcula y que de hecho casi te estropea el libro, si no fuera porque es bastante claro de qu\u00e9 va y c\u00f3mo acaba&#8230; \u00bfQu\u00e9 os parece? \ud83d\ude09<\/p>\n<p><object width=\"560\" height=\"340\"><param name=\"movie\" value=\"http:\/\/www.youtube.com\/v\/GhEx0kaUlrU?fs=1&amp;hl=de_DE&amp;color1=0x5d1719&amp;color2=0xcd311b\"><\/param><param name=\"allowFullScreen\" value=\"true\"><\/param><param name=\"allowscriptaccess\" value=\"always\"><\/param><embed src=\"http:\/\/www.youtube.com\/v\/GhEx0kaUlrU?fs=1&amp;hl=de_DE&amp;color1=0x5d1719&amp;color2=0xcd311b\" type=\"application\/x-shockwave-flash\" allowscriptaccess=\"always\" allowfullscreen=\"true\" width=\"560\" height=\"340\"><\/embed><\/object><\/p>\n<p>Y ahora me voy a abrir defectos que a la gente le parece que no hemos abierto suficientes fO.o <\/p>\n<p>Con esto y un bizcocho&#8230; Besos<br \/>\nCris<\/p>\n<p>PS: <em>\u00d4 de Wurm <\/em>es el perfume preferido de Belisha, consiste en restregarse con los gusanos secos que encuentra en el suelo&#8230; Charming!! :S<br \/>\nPS2: Hoy tengo la primera prueba con mi compa\u00f1era de dueto, a ver c\u00f3mo sale &#8220;Mercy&#8221; &#8211; &#8220;Hit the beat and take it to the verse now&#8221;. <\/p>\n","protected":false},"excerpt":{"rendered":"<p>El martes empez\u00f3 a llover, vamos, que el martes empez\u00f3 el oto\u00f1o&#8230; aunque una no se puede quejar que ahora mismo brilla el sol \ud83d\ude1b El caso es que el martes por la tarde de vuelta a casa empez\u00f3 mi carrera de obst\u00e1culos, o mejor dicho, de caracoles. Llegar a mi casa desde la parada [&hellip;]<\/p>\n","protected":false},"author":3,"featured_media":0,"comment_status":"open","ping_status":"closed","sticky":false,"template":"","format":"standard","meta":{"footnotes":""},"categories":[],"tags":[],"class_list":["post-1584","post","type-post","status-publish","format-standard","hentry"],"_links":{"self":[{"href":"https:\/\/blog.lapecera.ch\/index.php?rest_route=\/wp\/v2\/posts\/1584","targetHints":{"allow":["GET"]}}],"collection":[{"href":"https:\/\/blog.lapecera.ch\/index.php?rest_route=\/wp\/v2\/posts"}],"about":[{"href":"https:\/\/blog.lapecera.ch\/index.php?rest_route=\/wp\/v2\/types\/post"}],"author":[{"embeddable":true,"href":"https:\/\/blog.lapecera.ch\/index.php?rest_route=\/wp\/v2\/users\/3"}],"replies":[{"embeddable":true,"href":"https:\/\/blog.lapecera.ch\/index.php?rest_route=%2Fwp%2Fv2%2Fcomments&post=1584"}],"version-history":[{"count":0,"href":"https:\/\/blog.lapecera.ch\/index.php?rest_route=\/wp\/v2\/posts\/1584\/revisions"}],"wp:attachment":[{"href":"https:\/\/blog.lapecera.ch\/index.php?rest_route=%2Fwp%2Fv2%2Fmedia&parent=1584"}],"wp:term":[{"taxonomy":"category","embeddable":true,"href":"https:\/\/blog.lapecera.ch\/index.php?rest_route=%2Fwp%2Fv2%2Fcategories&post=1584"},{"taxonomy":"post_tag","embeddable":true,"href":"https:\/\/blog.lapecera.ch\/index.php?rest_route=%2Fwp%2Fv2%2Ftags&post=1584"}],"curies":[{"name":"wp","href":"https:\/\/api.w.org\/{rel}","templated":true}]}}