{"id":158,"date":"2008-05-22T17:29:00","date_gmt":"2008-05-22T15:29:00","guid":{"rendered":"http:\/\/lapecera.ch\/?p=158"},"modified":"2008-05-22T17:29:00","modified_gmt":"2008-05-22T15:29:00","slug":"orangina","status":"publish","type":"post","link":"https:\/\/blog.lapecera.ch\/?p=158","title":{"rendered":"Orangina"},"content":{"rendered":"<p>\u00a1Aviso a navegantes! Todo aquel que tenga dentro de sus contactos del m\u00f3vil mi n\u00famero espa\u00f1ol, o sea, 651 02 66 46: \u00a1Borradlo! (O llamad y si os coge alguien preguntad por m\u00ed xDD). <\/p>\n<p>Orange, aka Amena, me desactiv\u00f3 la tarjeta SIM por no haber hecho ninguna recarga desde el 31 de diciembre de 2005 a las 4:11 de la ma\u00f1ana&#8230; Despu\u00e9s de 20 minutos discutiendo con ellos y diciendo que como mucho mi \u00faltima recarga habr\u00eda sido en enero del 2007 (y me la habr\u00edan desactivado por fallo m\u00edo por no darme cuenta de que las tarjetas SIM se pueden desactivar si no las recargas, les da igual que las uses \u00ac\u00ac) me dicen que la tarjeta se desactiv\u00f3 el 8 de febrero de 2008, lo que vendr\u00eda a confirmar lo que yo estaba diciendo (las tarjetas de prepago permanecen 13 meses activas sin recarga). Y luego encima tienen la cara de decirme que no, que Orange en un gesto generoso para con sus clientes \u2014conmigo no, que ya no soy cliente\u2014 suele recargar las tarjetas que est\u00e1n a punto de expirar con 1,20 \u20ac, pero claro, \u00bfc\u00f3mo van a recargar la m\u00eda si estaba sin usar desde enero de 2007? <\/p>\n<p>Emma, hija, \u00bfcon qu\u00e9 ostias de n\u00famero nos comunicamos durante mi estancia en Espa\u00f1a? \u00bfCon qu\u00e9 m\u00f3vil llam\u00e9 yo a mi madre desde el aeropuerto el d\u00eda 4 de enero, se\u00f1ores?<\/p>\n<p>En fin, que me han sulfurao y he decidido cambiar de compa\u00f1ia hasta en Suiza, pero en este caso es probable que no cambie el n\u00famero, as\u00ed que no os preocup\u00e9is de ese n\u00famero de momento \u00ac\u00ac<\/p>\n<p>Me voy a tocar la guitarra&#8230;<\/p>\n<p>Con esto y un bizcocho&#8230; Besos<br \/>Cris<\/p>\n","protected":false},"excerpt":{"rendered":"<p>\u00a1Aviso a navegantes! Todo aquel que tenga dentro de sus contactos del m\u00f3vil mi n\u00famero espa\u00f1ol, o sea, 651 02 66 46: \u00a1Borradlo! (O llamad y si os coge alguien preguntad por m\u00ed xDD). Orange, aka Amena, me desactiv\u00f3 la tarjeta SIM por no haber hecho ninguna recarga desde el 31 de diciembre de 2005 [&hellip;]<\/p>\n","protected":false},"author":3,"featured_media":0,"comment_status":"open","ping_status":"closed","sticky":false,"template":"","format":"standard","meta":{"footnotes":""},"categories":[],"tags":[],"class_list":["post-158","post","type-post","status-publish","format-standard","hentry"],"_links":{"self":[{"href":"https:\/\/blog.lapecera.ch\/index.php?rest_route=\/wp\/v2\/posts\/158","targetHints":{"allow":["GET"]}}],"collection":[{"href":"https:\/\/blog.lapecera.ch\/index.php?rest_route=\/wp\/v2\/posts"}],"about":[{"href":"https:\/\/blog.lapecera.ch\/index.php?rest_route=\/wp\/v2\/types\/post"}],"author":[{"embeddable":true,"href":"https:\/\/blog.lapecera.ch\/index.php?rest_route=\/wp\/v2\/users\/3"}],"replies":[{"embeddable":true,"href":"https:\/\/blog.lapecera.ch\/index.php?rest_route=%2Fwp%2Fv2%2Fcomments&post=158"}],"version-history":[{"count":0,"href":"https:\/\/blog.lapecera.ch\/index.php?rest_route=\/wp\/v2\/posts\/158\/revisions"}],"wp:attachment":[{"href":"https:\/\/blog.lapecera.ch\/index.php?rest_route=%2Fwp%2Fv2%2Fmedia&parent=158"}],"wp:term":[{"taxonomy":"category","embeddable":true,"href":"https:\/\/blog.lapecera.ch\/index.php?rest_route=%2Fwp%2Fv2%2Fcategories&post=158"},{"taxonomy":"post_tag","embeddable":true,"href":"https:\/\/blog.lapecera.ch\/index.php?rest_route=%2Fwp%2Fv2%2Ftags&post=158"}],"curies":[{"name":"wp","href":"https:\/\/api.w.org\/{rel}","templated":true}]}}