{"id":1578,"date":"2010-09-06T11:40:13","date_gmt":"2010-09-06T09:40:13","guid":{"rendered":"http:\/\/lapecera.ch\/?p=1578"},"modified":"2010-09-06T11:40:13","modified_gmt":"2010-09-06T09:40:13","slug":"hilfe-gesucht","status":"publish","type":"post","link":"https:\/\/blog.lapecera.ch\/?p=1578","title":{"rendered":"Hilfe gesucht"},"content":{"rendered":"<p>Meine Damen und Herren, ni\u00f1as y ni\u00f1os, fantasmas lectores del blog,<\/p>\n<p>Ver\u00e9is, mi profesora de canto quiere de m\u00ed un lema musical para el concierto que daremos en noviembre, <em>Modern Voices 2010<\/em>. Mi problema es que no se me ocurre nada&#8230; Tampoco es que yo destaque por mi creatividad&#8230; fO.o<\/p>\n<p>Por eso, hago aqu\u00ed, ahora, un llamamiento a las cabezas pensantes que se pasan por este blog pa que comenten y me den ideas para el lema&#8230; Deber\u00eda dar una idea de lo que significa la m\u00fasica y cantar para m\u00ed, pero soy feliz con que diga algo sin m\u00e1s. Soy flexible, me puedo adaptar a los lemas de los dem\u00e1s xDDD<\/p>\n<p>S\u00e9 que es est\u00fapido preguntar por algo que se supone es tan personal, pero es que mi relaci\u00f3n con la m\u00fasica es un pel\u00edn extra\u00f1a, tan pronto no puedo vivir sin ella, como me paso semanas sin escuchar o cantar una sola nota&#8230; as\u00ed que frases del tipo &#8220;La m\u00fasica es el motor de mi vida&#8221; o &#8220;Sin la m\u00fasica no podr\u00eda vivir&#8221; (ejemplos dados por mi profesora) me resultan algo tontas para referirse a m\u00ed, aparte de super cursis xP He barajado la posibilidad de agenciarme &#8220;Mi m\u00fasica es tu voz&#8221;, pero traducido no tiene sentido&#8230; Bueno, en espa\u00f1ol tampoco xDD Otra posibilidad ser\u00eda &#8220;Thank you for the music&#8221; o robarle una cita a Nietzsche, pero vamos&#8230; esas son las medidas extremas, a falta de mejores ideas&#8230; As\u00ed que se\u00f1oras y se\u00f1ores&#8230;<\/p>\n<p><span style=\"font-size:120%\"><strong>HILFE!!!!<\/strong><\/span><\/p>\n<p><a href=\"http:\/\/lapecera.ch\/wp-content\/uploads\/2010\/09\/IMG_2106.jpg\" rel=\"example3\"><img loading=\"lazy\" decoding=\"async\" src=\"http:\/\/lapecera.ch\/wp-content\/uploads\/2010\/09\/IMG_2106-300x200.jpg\" alt=\"\" title=\"Belisha\" width=\"300\" height=\"200\" class=\"alignright size-medium wp-image-1579\" srcset=\"https:\/\/blog.lapecera.ch\/wp-content\/uploads\/2010\/09\/IMG_2106-300x200.jpg 300w, https:\/\/blog.lapecera.ch\/wp-content\/uploads\/2010\/09\/IMG_2106-768x512.jpg 768w, https:\/\/blog.lapecera.ch\/wp-content\/uploads\/2010\/09\/IMG_2106-1024x683.jpg 1024w\" sizes=\"auto, (max-width: 300px) 100vw, 300px\" \/><\/a>Cambiando de tema, este s\u00e1bado estuvimos de boda, bueno en el aperitivo de la boda de Florian, mi compa\u00f1ero de trabajo. Las amigas de ella le soltaron un discurso que hicieron llorar a la novia (y casi al novio), y los amigos del novio le cantaron un rap sobre su vida que estuvo genial. Luego cuando hicieron la &#8220;ceremonia&#8221; de intercambiarse los anillos, una amiga cant\u00f3 una canci\u00f3n super cursi sobre el amor y tal, pero estaba tan nerviosa, que dio pocas notas en su sitio aparte de que le vibraba la voz como si tuviera una cabra en la garganta, pero claro es que acab\u00f3 llorando xDDD La pena es que no hemos podido verles la cara cuando abrieron el regalo de los Avaloqer y pa cuando Florian vuelva a trabajar el 21, la gracia ya se habr\u00e1 enfriado \u00ac\u00ac <\/p>\n<p>El domingo nos fuimos con los Silvi@s, en vez del al cine, de excursi\u00f3n a la monta\u00f1a. Subimos a <a href=\"http:\/\/www.wasserfallenbahn.ch\/\" target=\"_blank\">Wasserfallen<\/a>, en Reigoldswil e hicimos un <em>Wanderung<\/em> de un par de horejas (pausas incluidas) por el monte y el bosque. Tiraba fresco, pero estuvo bien, aunque a m\u00ed me dol\u00eda un dedo del pie de los tacones que llev\u00e9 el s\u00e1bado T-T Yo creo que la que mejor lo pas\u00f3 fue la perra, Belisha corr\u00eda palante y patr\u00e1s como si estuviera completamente en su elemento \ud83d\ude42 Para bajar Silvia se fue en telef\u00e9rico con Belisha y Silvio, Christoph y yo bajamos con los patinetes \u00ac\u00ac \u00a1Joer, qu\u00e9 dolor de manos al llegar abajo! Entre el terreno que no era precisamente liso e ir frenando pa no matarme&#8230; Cuando llegu\u00e9 a la <em>Talstation<\/em>, apenas pod\u00eda abrir las manos de lo que me dol\u00edan los dedos T____T Pero mol\u00f3 eso s\u00ed, quiz\u00e1 con un terreno menos accidentado hubiese molado m\u00e1s \ud83d\ude1b<\/p>\n<p>Y ahora os dejo, que me falta un mont\u00f3n de cosas que hacer y hoy me quiero ir pronto a B\u00e4chli *muajajaja* Ayudadme con lo del lema, porfaplis *papal os mira con ojillos*<\/p>\n<p>Con esto y un bizcocho&#8230; Besos<br \/>\nCris<\/p>\n","protected":false},"excerpt":{"rendered":"<p>Meine Damen und Herren, ni\u00f1as y ni\u00f1os, fantasmas lectores del blog, Ver\u00e9is, mi profesora de canto quiere de m\u00ed un lema musical para el concierto que daremos en noviembre, Modern Voices 2010. Mi problema es que no se me ocurre nada&#8230; Tampoco es que yo destaque por mi creatividad&#8230; fO.o Por eso, hago aqu\u00ed, ahora, [&hellip;]<\/p>\n","protected":false},"author":3,"featured_media":0,"comment_status":"open","ping_status":"closed","sticky":false,"template":"","format":"standard","meta":{"footnotes":""},"categories":[],"tags":[],"class_list":["post-1578","post","type-post","status-publish","format-standard","hentry"],"_links":{"self":[{"href":"https:\/\/blog.lapecera.ch\/index.php?rest_route=\/wp\/v2\/posts\/1578","targetHints":{"allow":["GET"]}}],"collection":[{"href":"https:\/\/blog.lapecera.ch\/index.php?rest_route=\/wp\/v2\/posts"}],"about":[{"href":"https:\/\/blog.lapecera.ch\/index.php?rest_route=\/wp\/v2\/types\/post"}],"author":[{"embeddable":true,"href":"https:\/\/blog.lapecera.ch\/index.php?rest_route=\/wp\/v2\/users\/3"}],"replies":[{"embeddable":true,"href":"https:\/\/blog.lapecera.ch\/index.php?rest_route=%2Fwp%2Fv2%2Fcomments&post=1578"}],"version-history":[{"count":0,"href":"https:\/\/blog.lapecera.ch\/index.php?rest_route=\/wp\/v2\/posts\/1578\/revisions"}],"wp:attachment":[{"href":"https:\/\/blog.lapecera.ch\/index.php?rest_route=%2Fwp%2Fv2%2Fmedia&parent=1578"}],"wp:term":[{"taxonomy":"category","embeddable":true,"href":"https:\/\/blog.lapecera.ch\/index.php?rest_route=%2Fwp%2Fv2%2Fcategories&post=1578"},{"taxonomy":"post_tag","embeddable":true,"href":"https:\/\/blog.lapecera.ch\/index.php?rest_route=%2Fwp%2Fv2%2Ftags&post=1578"}],"curies":[{"name":"wp","href":"https:\/\/api.w.org\/{rel}","templated":true}]}}