{"id":157,"date":"2008-05-18T23:18:00","date_gmt":"2008-05-18T21:18:00","guid":{"rendered":"http:\/\/lapecera.ch\/?p=157"},"modified":"2008-05-18T23:18:00","modified_gmt":"2008-05-18T21:18:00","slug":"mas-vale-6-anos-tarde","status":"publish","type":"post","link":"https:\/\/blog.lapecera.ch\/?p=157","title":{"rendered":"M\u00e1s vale 6 a\u00f1os tarde&#8230;"},"content":{"rendered":"<p>Hoy ha pasado una cosa maravillosa&#8230; Despu\u00e9s de seis a\u00f1os lament\u00e1ndome por haber perdido el final de la historia &#8220;Que corra el aire&#8221; en un momento de estupidez inform\u00e1tica (la borr\u00e9 del port\u00e1til sin tener una copia en el ordenador v.v), hoy he encontrado la historia tal y como la escrib\u00ed en el 2002 con final y todo O____O \u00a1Bendito Sony y su est\u00e1ndar de 3.5-inch floppy disk! <\/p>\n<p>Haciendo limpieza de casi 30 disquettes, he sacado la informaci\u00f3n de casi todos al disco duro del ordenador y ha resultado ser menos de 40 MB, \u00a1qu\u00e9 tiempos aquellos! En uno de esos disquettes estaba &#8220;Elisa&#8221; <img decoding=\"async\" src=\"http:\/\/www.lapecera.ch\/emoticons\/enthralled.gif\" border=\"0\" align=\"texttop\"><\/p>\n<p>Si quer\u00e9is leer el final alternativo&#8230; O mejor, si quer\u00e9is leer la historia completa con el final alternativo, lo podr\u00e9is encontrar en la secci\u00f3n &#8220;Mis historias&#8221; o haciendo click sobre la imagen:<\/p>\n<p><a href=\"http:\/\/www.lapecera.ch\/lapecera.ch\/quecorraelaire.pdf\" target=\"_blank\"><img decoding=\"async\" src=\"http:\/\/www.lapecera.ch\/imagenesdelblog\/elisa.gif\" border=\"0\" style=\"DISPLAY: block; MARGIN: 0px auto 10px; TEXT-ALIGN: left\"><\/a><\/p>\n<p>Me voy s\u00faper contenta pal sobre, que ma\u00f1ana hay que madrug\u00e1 v.v<\/p>\n<p>Con esto y un bizcocho&#8230; Besos<br \/>Cris<\/p>\n","protected":false},"excerpt":{"rendered":"<p>Hoy ha pasado una cosa maravillosa&#8230; Despu\u00e9s de seis a\u00f1os lament\u00e1ndome por haber perdido el final de la historia &#8220;Que corra el aire&#8221; en un momento de estupidez inform\u00e1tica (la borr\u00e9 del port\u00e1til sin tener una copia en el ordenador v.v), hoy he encontrado la historia tal y como la escrib\u00ed en el 2002 con [&hellip;]<\/p>\n","protected":false},"author":3,"featured_media":0,"comment_status":"open","ping_status":"closed","sticky":false,"template":"","format":"standard","meta":{"footnotes":""},"categories":[],"tags":[],"class_list":["post-157","post","type-post","status-publish","format-standard","hentry"],"_links":{"self":[{"href":"https:\/\/blog.lapecera.ch\/index.php?rest_route=\/wp\/v2\/posts\/157","targetHints":{"allow":["GET"]}}],"collection":[{"href":"https:\/\/blog.lapecera.ch\/index.php?rest_route=\/wp\/v2\/posts"}],"about":[{"href":"https:\/\/blog.lapecera.ch\/index.php?rest_route=\/wp\/v2\/types\/post"}],"author":[{"embeddable":true,"href":"https:\/\/blog.lapecera.ch\/index.php?rest_route=\/wp\/v2\/users\/3"}],"replies":[{"embeddable":true,"href":"https:\/\/blog.lapecera.ch\/index.php?rest_route=%2Fwp%2Fv2%2Fcomments&post=157"}],"version-history":[{"count":0,"href":"https:\/\/blog.lapecera.ch\/index.php?rest_route=\/wp\/v2\/posts\/157\/revisions"}],"wp:attachment":[{"href":"https:\/\/blog.lapecera.ch\/index.php?rest_route=%2Fwp%2Fv2%2Fmedia&parent=157"}],"wp:term":[{"taxonomy":"category","embeddable":true,"href":"https:\/\/blog.lapecera.ch\/index.php?rest_route=%2Fwp%2Fv2%2Fcategories&post=157"},{"taxonomy":"post_tag","embeddable":true,"href":"https:\/\/blog.lapecera.ch\/index.php?rest_route=%2Fwp%2Fv2%2Ftags&post=157"}],"curies":[{"name":"wp","href":"https:\/\/api.w.org\/{rel}","templated":true}]}}