{"id":1556,"date":"2010-09-03T09:00:03","date_gmt":"2010-09-03T07:00:03","guid":{"rendered":"http:\/\/lapecera.ch\/?p=1556"},"modified":"2010-09-03T09:00:03","modified_gmt":"2010-09-03T07:00:03","slug":"para-el-fin-de-semana","status":"publish","type":"post","link":"https:\/\/blog.lapecera.ch\/?p=1556","title":{"rendered":"Para el fin de semana"},"content":{"rendered":"<p>Uno para Bel\u00e9n que pasa este fin de semana de los <em>dieci-<\/em>a los -einte. \u00a1Feliz cumplea\u00f1os!<br \/>\n<object width=\"560\" height=\"340\"><param name=\"movie\" value=\"http:\/\/www.youtube.com\/v\/XV9k4cdNKYE?fs=1&amp;hl=de_DE&amp;color1=0x5d1719&amp;color2=0xcd311b\"><\/param><param name=\"allowFullScreen\" value=\"true\"><\/param><param name=\"allowscriptaccess\" value=\"always\"><\/param><embed src=\"http:\/\/www.youtube.com\/v\/XV9k4cdNKYE?fs=1&amp;hl=de_DE&amp;color1=0x5d1719&amp;color2=0xcd311b\" type=\"application\/x-shockwave-flash\" allowscriptaccess=\"always\" allowfullscreen=\"true\" width=\"560\" height=\"340\"><\/embed><\/object><br \/>\n<span style=\"font-size:85%\">Edito: A ver si ahora se ve el v\u00eddeo. No es la versi\u00f3n original, porque es un dueto y aqu\u00ed la canta Cassandra Steen sola, pero suena tambi\u00e9n genial *____*<\/span><\/p>\n<p>Otra para la generaci\u00f3n del 77 y porque me encanta la canci\u00f3n y Sandi Thom (y el que entienda al \u00bfholand\u00e9s? se lleva el perrito piloto) \ud83d\ude1b<br \/>\n<object width=\"560\" height=\"340\"><param name=\"movie\" value=\"http:\/\/www.youtube.com\/v\/dLEoxUf-KUM?fs=1&amp;hl=de_DE&amp;color1=0x5d1719&amp;color2=0xcd311b\"><\/param><param name=\"allowFullScreen\" value=\"true\"><\/param><param name=\"allowscriptaccess\" value=\"always\"><\/param><embed src=\"http:\/\/www.youtube.com\/v\/dLEoxUf-KUM?fs=1&amp;hl=de_DE&amp;color1=0x5d1719&amp;color2=0xcd311b\" type=\"application\/x-shockwave-flash\" allowscriptaccess=\"always\" allowfullscreen=\"true\" width=\"560\" height=\"340\"><\/embed><\/object><\/p>\n<p>Otra para m\u00ed, para hacer la espera al nuevo disco de Taylor Swift m\u00e1s llevadera y porque me encanta lo que hace este chico, que es todo achuchable \u00e9l. Se llama Tyler Ward y hace unas covers geniales, me encantar\u00eda poder participar en el concurso que tiene ahora en marcha, pero s\u00f3lo es para los EEUU \ud83d\ude1b<br \/>\n<object width=\"560\" height=\"340\"><param name=\"movie\" value=\"http:\/\/www.youtube.com\/v\/IEYbv0qyavU?fs=1&amp;hl=de_DE&amp;color1=0x5d1719&amp;color2=0xcd311b\"><\/param><param name=\"allowFullScreen\" value=\"true\"><\/param><param name=\"allowscriptaccess\" value=\"always\"><\/param><embed src=\"http:\/\/www.youtube.com\/v\/IEYbv0qyavU?fs=1&amp;hl=de_DE&amp;color1=0x5d1719&amp;color2=0xcd311b\" type=\"application\/x-shockwave-flash\" allowscriptaccess=\"always\" allowfullscreen=\"true\" width=\"560\" height=\"340\"><\/embed><\/object><\/p>\n<p>\u00a1Que pas\u00e9is un buen fin de semana! Yo espero no quedarme ma\u00f1ana sin pies que voy de fiesta con tacones \ud83d\ude1b<\/p>\n<p>Con esto y un bizcocho&#8230; Besos<br \/>\nCris<\/p>\n","protected":false},"excerpt":{"rendered":"<p>Uno para Bel\u00e9n que pasa este fin de semana de los dieci-a los -einte. \u00a1Feliz cumplea\u00f1os! Edito: A ver si ahora se ve el v\u00eddeo. No es la versi\u00f3n original, porque es un dueto y aqu\u00ed la canta Cassandra Steen sola, pero suena tambi\u00e9n genial *____* Otra para la generaci\u00f3n del 77 y porque me [&hellip;]<\/p>\n","protected":false},"author":3,"featured_media":0,"comment_status":"open","ping_status":"closed","sticky":false,"template":"","format":"standard","meta":{"footnotes":""},"categories":[],"tags":[],"class_list":["post-1556","post","type-post","status-publish","format-standard","hentry"],"_links":{"self":[{"href":"https:\/\/blog.lapecera.ch\/index.php?rest_route=\/wp\/v2\/posts\/1556","targetHints":{"allow":["GET"]}}],"collection":[{"href":"https:\/\/blog.lapecera.ch\/index.php?rest_route=\/wp\/v2\/posts"}],"about":[{"href":"https:\/\/blog.lapecera.ch\/index.php?rest_route=\/wp\/v2\/types\/post"}],"author":[{"embeddable":true,"href":"https:\/\/blog.lapecera.ch\/index.php?rest_route=\/wp\/v2\/users\/3"}],"replies":[{"embeddable":true,"href":"https:\/\/blog.lapecera.ch\/index.php?rest_route=%2Fwp%2Fv2%2Fcomments&post=1556"}],"version-history":[{"count":0,"href":"https:\/\/blog.lapecera.ch\/index.php?rest_route=\/wp\/v2\/posts\/1556\/revisions"}],"wp:attachment":[{"href":"https:\/\/blog.lapecera.ch\/index.php?rest_route=%2Fwp%2Fv2%2Fmedia&parent=1556"}],"wp:term":[{"taxonomy":"category","embeddable":true,"href":"https:\/\/blog.lapecera.ch\/index.php?rest_route=%2Fwp%2Fv2%2Fcategories&post=1556"},{"taxonomy":"post_tag","embeddable":true,"href":"https:\/\/blog.lapecera.ch\/index.php?rest_route=%2Fwp%2Fv2%2Ftags&post=1556"}],"curies":[{"name":"wp","href":"https:\/\/api.w.org\/{rel}","templated":true}]}}