{"id":155,"date":"2008-05-15T13:25:00","date_gmt":"2008-05-15T11:25:00","guid":{"rendered":"http:\/\/lapecera.ch\/?p=155"},"modified":"2008-05-15T13:25:00","modified_gmt":"2008-05-15T11:25:00","slug":"y3ll0w-b0y","status":"publish","type":"post","link":"https:\/\/blog.lapecera.ch\/?p=155","title":{"rendered":"y3ll0w b0y"},"content":{"rendered":"<p>Ayer, despu\u00e9s de practicar un buen rato, consegu\u00ed tocar decentemente &#8220;Annie&#8217;s song&#8221; (ahora falta aprenderme los arpegios v.v) y &#8220;Coat of many colors&#8221;. Hoy me levant\u00e9 de muy buen humor, puse cuatro lavadoras, tend\u00ed la ropa y hasta me dio tiempo a dejar la secadora funcionando. Ahora mismo estoy pel\u00edn de mala ostia por culpa del tipo ese que se hace llamar mi jefe, pero bueno, da igual, eso no va a impedir que hoy haga yo una entrada in\u00fatil xDDD<\/p>\n<p><a href=\"http:\/\/www.lapecera.ch\/uploaded_images\/DSC00020-739406.JPG\" rel=\"example3\"><img decoding=\"async\" style=\"float:right; margin:0 0 10px 10px;cursor:pointer; cursor:hand;\" src=\"http:\/\/www.lapecera.ch\/uploaded_images\/DSC00020-738938.JPG\" border=\"0\" alt=\"\" \/><\/a>Este fin de semana estuvieron Mathias y Maria en casa. Hab\u00edamos pensado hacer un Wanderung chachi-guay y light, pero como ellos estaban hechos polvo y nosotros estabamos perezosos, al final no hicimos casi nada. Desayunamos todos los d\u00edas en la terraza. El s\u00e1bado cenamos barbacoa, despues de volver de consumir en la city y por la noche nos fuimos a bailar al club 59, pero entre que el FCBasel gan\u00f3 la liga y que el DJ del local no hac\u00eda m\u00e1s que poner m\u00fasica alemana (con inolvidables letras como &#8220;Joanna, du geile Sau!&#8221; fO.o), acabamos pir\u00e1ndonos pa casa a eso de las 3. El domingo, despu\u00e9s de remolonear como marmotas en la terraza, decidimos irnos a dar un paseo\/Wanderung hasta el castillo de Wildenstein, cerca de Bubendorf (creo que era ese fO.o), con la buena suerte de que cuando estabamos a medio camino empez\u00f3 a tronar y a llover y bueno, llegamos al castillo, pero dimos la vuelta pal coche casi corriendo. Adem\u00e1s, yo fui la \u00fanica que llev\u00f3 una chaqueta, ya sab\u00e9is: <em>&#8220;there is no such thing as bad weather, only the wrong clothes&#8221;<\/em> xDD Por la noche cenamos fondue al ritmo de m\u00fasica de los Alpes. Al d\u00eda siguiente, Maria y Mathias se fueron como a las dos de la tarde para no coger tr\u00e1fico&#8230; Espero que vuelvan pronto ^____^<\/p>\n<p>Aparte de eso, \u00bfqu\u00e9 m\u00e1s iba a contar yo? Ayer acab\u00e9 el cuarto libro de &#8220;Verano en vaqueros&#8221;. Elena me hab\u00eda dicho que eran m\u00e1s bien malos, pero, supongo que porque los le\u00ed en ingl\u00e9s, me gustaron bastante; tanto, que Bridget &#8220;Bee&#8221; Vreeland es, a partir de ya, mi \u00eddolo xDDD<\/p>\n<p>Y he empezado a seguir OT. S\u00ed, no me lanc\u00e9is piedras. Me encanta OT. La parte reality se la pueden comer con patatas, alb\u00f3ndigas y guisantes, pero la parte musical del asunto me encanta. Las ediciones han ido empeorando desde el m\u00edtico primer OT de Rosa, pero siguen conservando lo que a m\u00ed me gustaba: la m\u00fasica. \u00a1Lo que dar\u00eda yo por poder estar en su lugar, ains! <\/p>\n<p>Esta semana han nominado a mi favorita, Virginia, despu\u00e9s de cantar &#8220;Como hablar&#8221; a grito pelao. \u00bfY por qu\u00e9 son\u00f3 as\u00ed una canci\u00f3n tan buena? No, no es porque ella no sepa cantar, porque sabe y lo hace maravillosamente bien, pero hay determinadas voces que no pueden cantar de todo, y la de ella es una de esas. A tener en cuenta su gusto musical eligiendo canci\u00f3n de nominada: &#8220;Love me like a man&#8221; de Bonnie Raitt.<\/p>\n<p>Lo que m\u00e1s gracia me hizo de la preparaci\u00f3n de esta canci\u00f3n, la de &#8220;Como hablar&#8221; se entiende, durante la semana fueron los comentarios vanagloriadores de Manu Guix diciendo que \u00e9l hab\u00eda convertido una canci\u00f3n de una sola voz en una para dos y si se desviaban un poquito de lo que \u00e9l marcaba, todo saldr\u00eda mal y desafinao&#8230; Y yo me par\u00e9 a pensar, me fui corriendo a por mi iPod y all\u00ed lo vi: &#8220;Como hablar&#8221; por Amaral y Antonio Vega. Nun ye por na, pero si Amaral cant\u00f3 esa canci\u00f3n con Antonio Vega y sali\u00f3 bien, Reke y Virginia pod\u00edan cantarla sin desafinar (que, salvo los tembleques nerviosos iniciales de Virginia, no lo hicieron y la defendieron decentemente). <\/p>\n<p>En el tema Esther que esta semana ha dado tanto que cocinar en la tele no me meto, s\u00f3lo decir que si bien la ni\u00f1a no me gusta ni su voz ni ella en s\u00ed, me sent\u00ed muy identificada con su problema con las segundas voces. Por mucho que se quejasen diciendo que ella no trabajaba, yo no vi a nadie tratando de ayudarla de la forma adecuada cuando dec\u00eda que las cosas no le sal\u00edan.<\/p>\n<p>A saber lo que pasar\u00e1 esta semana con los temas que tienen, pero que Virginia no se vaya, le\u00f1e v.v<\/p>\n<p>Y na, fijo que quer\u00eda contar algo m\u00e1s, pero tengo hambre, as\u00ed que ya os lo contar\u00e9 otro d\u00eda xDD<\/p>\n<p>Con esto y un bizcocho&#8230; Besos<br \/>Cris<\/p>\n<p>PS: Acabo de enterarme que uno de mis compa\u00f1eros de trabajo y su hermano est\u00e1n preparando el gui\u00f3n para hacer una pel\u00edcula del libro &#8220;El Perro de la Guerra y el Dolor del Mundo&#8221; de Michael Moorcock (el de Elric). Y van en serio, tienen pensado ir a visitar a Moorcock en persona para que se interese por el proyecto O_______O<\/p>\n","protected":false},"excerpt":{"rendered":"<p>Ayer, despu\u00e9s de practicar un buen rato, consegu\u00ed tocar decentemente &#8220;Annie&#8217;s song&#8221; (ahora falta aprenderme los arpegios v.v) y &#8220;Coat of many colors&#8221;. Hoy me levant\u00e9 de muy buen humor, puse cuatro lavadoras, tend\u00ed la ropa y hasta me dio tiempo a dejar la secadora funcionando. Ahora mismo estoy pel\u00edn de mala ostia por culpa [&hellip;]<\/p>\n","protected":false},"author":3,"featured_media":0,"comment_status":"open","ping_status":"closed","sticky":false,"template":"","format":"standard","meta":{"footnotes":""},"categories":[],"tags":[],"class_list":["post-155","post","type-post","status-publish","format-standard","hentry"],"_links":{"self":[{"href":"https:\/\/blog.lapecera.ch\/index.php?rest_route=\/wp\/v2\/posts\/155","targetHints":{"allow":["GET"]}}],"collection":[{"href":"https:\/\/blog.lapecera.ch\/index.php?rest_route=\/wp\/v2\/posts"}],"about":[{"href":"https:\/\/blog.lapecera.ch\/index.php?rest_route=\/wp\/v2\/types\/post"}],"author":[{"embeddable":true,"href":"https:\/\/blog.lapecera.ch\/index.php?rest_route=\/wp\/v2\/users\/3"}],"replies":[{"embeddable":true,"href":"https:\/\/blog.lapecera.ch\/index.php?rest_route=%2Fwp%2Fv2%2Fcomments&post=155"}],"version-history":[{"count":0,"href":"https:\/\/blog.lapecera.ch\/index.php?rest_route=\/wp\/v2\/posts\/155\/revisions"}],"wp:attachment":[{"href":"https:\/\/blog.lapecera.ch\/index.php?rest_route=%2Fwp%2Fv2%2Fmedia&parent=155"}],"wp:term":[{"taxonomy":"category","embeddable":true,"href":"https:\/\/blog.lapecera.ch\/index.php?rest_route=%2Fwp%2Fv2%2Fcategories&post=155"},{"taxonomy":"post_tag","embeddable":true,"href":"https:\/\/blog.lapecera.ch\/index.php?rest_route=%2Fwp%2Fv2%2Ftags&post=155"}],"curies":[{"name":"wp","href":"https:\/\/api.w.org\/{rel}","templated":true}]}}