{"id":1544,"date":"2010-09-02T08:52:14","date_gmt":"2010-09-02T06:52:14","guid":{"rendered":"http:\/\/lapecera.ch\/?p=1544"},"modified":"2010-09-02T08:52:14","modified_gmt":"2010-09-02T06:52:14","slug":"la-maldicion-de-las-trilogias-5%c2%aa-parte","status":"publish","type":"post","link":"https:\/\/blog.lapecera.ch\/?p=1544","title":{"rendered":"La maldici\u00f3n de las trilog\u00edas, 5\u00aa parte"},"content":{"rendered":"<p>He vuelto a caer, pero por suerte el libro a\u00fan no ha salido, as\u00ed que no me lo he comprado todav\u00eda&#8230; Ah, no, espera, que de todas formas me pillaron con el que acab\u00e9 de leer anteayer y los que estoy leyendo ahora \u00ac\u00ac Whatever!!!<\/p>\n<p>Ayer compart\u00ed un link en Facebook, que a nadie pareci\u00f3 interesarle. El link llevaba a la p\u00e1gina de Facebook de <em>Across the universe<\/em> de Beth Revis que a su vez te llevaba a la <a href=\"http:\/\/www.acrosstheuniversebook.com\" target=\"_blank\">web del libro<\/a> donde ofrecen el primer cap\u00edtulo de este libro&#8230; \u00bfQu\u00e9 hizo aqu\u00ed <em>lamendalerenda<\/em> en cuanto lo vio y ley\u00f3 ciencia-ficci\u00f3n? Pues leerlo, claro&#8230; \u00a1Cra-so e-rror! Porque ahora tengo una ganas tremendas de leer el libro y no sale hasta enero (justo cuando estar\u00e9 de vacaciones, por cierto) y las ARC (<em>Advanced Reader Copies<\/em>) son bastante escasas y no llegar\u00e1n a este lado del charco ni en broma&#8230; mucho menos, a mis manos T-T<\/p>\n<p>Lo que me ha hecho gracia es que una vez m\u00e1s no lo dicen por ninguna parte, pero es una trilog\u00eda. Me lo acaba de confirmar la propia autora en Goodreads (\u00a1c\u00f3mo mola poder recibir la informaci\u00f3n de primera mano! *___*). Por un lado, fi\u00fa, a\u00fan no he comprado el libro, de todas formas no es posible&#8230; pero por otro lado, aggh, al final acabar\u00e9 pidi\u00e9ndomelo, que el primer cap\u00edtulo tiene muy buena pinta y la portada es super bonita \ud83d\ude1b <\/p>\n<p><strong><span style=\"font-size: 120%\">Across the universe<\/span><\/strong><br \/>\n<strong>Beth Revis<\/strong><\/p>\n<p><img loading=\"lazy\" decoding=\"async\" src=\"http:\/\/lapecera.ch\/wp-content\/uploads\/2010\/09\/acrosstheuniverse-198x300.jpg\" alt=\"\" title=\"acrosstheuniverse\" width=\"198\" height=\"300\" class=\"alignnone size-medium wp-image-1545\" srcset=\"https:\/\/blog.lapecera.ch\/wp-content\/uploads\/2010\/09\/acrosstheuniverse-198x300.jpg 198w, https:\/\/blog.lapecera.ch\/wp-content\/uploads\/2010\/09\/acrosstheuniverse.jpg 438w\" sizes=\"auto, (max-width: 198px) 100vw, 198px\" \/><\/p>\n<blockquote><p><strong>Slogan del libro (en la portada):<\/strong> \u00bfQu\u00e9 se necesita para sobrevivir a bordo de una nave impulsada por mentiras?<\/p><\/blockquote>\n<p>[spoiler intro=&#8221;Don&#8217;t Worry!!&#8221;  title=&#8221;Es solo un resumen&#8221;]<\/p>\n<blockquote><p>Amy, de 17 a\u00f1os, se une a sus padres como parte de la tripulaci\u00f3n criogenizada a bordo de la nave espacial &#8220;Godspeed&#8221; (Vaya con dios) y espera ser despertada en un nuevo planeta, 300 a\u00f1os en el futuro. Nunca podr\u00eda haberse imaginado que su sue\u00f1o congelado terminar\u00eda 50 a\u00f1os antes de lo previsto y se iba a ver empujada en el nuevo mundo de una nave espacial que vive seg\u00fan sus propias normas. <\/p>\n<p>Amy se da cuenta enseguida de que el hecho de que est\u00e9 despierta ya no es por un simple malfuncionamiento del ordenador. Alguien \u2013uno de los pocos miles habitantes de la nave\u2013 intent\u00f3 matarla. Y si Amy no hace algo lo m\u00e1s pronto posible, sus padres ser\u00e1n los siguientes. <\/p>\n<p>Ahora, Amy tiene que desvelar los secretos ocultos de la Godspeed. Pero en su lista de sospechosos, hay solo uno que es importante: Elder, el futuro lider de la nave y el amor que nunca habr\u00eda podido imaginarse. <span style=\"font-size: 75%\">(Otra traducci\u00f3n patatera de la mendalerenda)<\/span>\n<\/p><\/blockquote>\n<p>[\/spoiler]<\/p>\n<p>Tja, \u00bfqu\u00e9 os parece? Tiene pinta de interesante, al menos, en mi cabeza&#8230; Me lo estoy imaginando en plan pel\u00edcula <em>scifi<\/em> \u00e0 la &#8220;Serenity&#8221; o cualquier otra peli de ciencia-ficci\u00f3n (el argumento se parece un poquito, por cierto, a &#8220;Pandorum&#8221;, pero s\u00f3lo por lo del viaje largo en direcci\u00f3n a un nuevo planeta). <\/p>\n<p>Como curiosidad: buscando lo que significaba <em>Godspeed<\/em>, me encontr\u00e9 con que es el nombre de uno de los barcos de la &#8220;Virginia Company&#8221; (s\u00ed, la de John Smith y Pocahontas xD) capitaneado por Bartholomew Gosnold que parti\u00f3 de Inglaterra en 1606 hacia el Nuevo Mundo para colonizar Virginia&#8230; <\/p>\n<p>El otro libro parte de una trilog\u00eda con el que me han pillado bien pillada (sobre todo porque ya lo he le\u00eddo v.v) otra vez es <em>She&#8217;s so dead to us<\/em> de <a href=\"http:\/\/www.kieranscott.net\" target=\"_blank\">Kieran Scott<\/a>. No sab\u00eda yo que en <em>chick-lit<\/em> y rom\u00e1ntica juvenil tambi\u00e9n hab\u00eda finales de esos que te dejan sin u\u00f1as al d\u00eda siguiente pensando que <em>She&#8217;s so over him<\/em> sale en VERANO del 2011 y no vas a saber qu\u00e9 pasa con Ally y Jake hasta entonces T_________T Y no, aqu\u00ed tampoco hay ARC a la vista T______T<\/p>\n<p>En fin&#8230; Os dejo, voy a irme a casa (vale, lo escrib\u00ed ayer, ahora voy a seguir trabajando que pa algo me pagan) y a seguir leyendo <em>I am number four<\/em>, otra saga, por cierto, de seis libros, uno por cada uno de los aliens que a\u00fan siguen vivos, imagino \u00ac\u00ac El segundo libro, <em>The power of Six<\/em>, sale el a\u00f1o que viene&#8230; En fin&#8230;<\/p>\n<p>Con esto y un bizcocho&#8230; Besos<br \/>\nCris<\/p>\n","protected":false},"excerpt":{"rendered":"<p>He vuelto a caer, pero por suerte el libro a\u00fan no ha salido, as\u00ed que no me lo he comprado todav\u00eda&#8230; Ah, no, espera, que de todas formas me pillaron con el que acab\u00e9 de leer anteayer y los que estoy leyendo ahora \u00ac\u00ac Whatever!!! Ayer compart\u00ed un link en Facebook, que a nadie pareci\u00f3 [&hellip;]<\/p>\n","protected":false},"author":3,"featured_media":0,"comment_status":"open","ping_status":"closed","sticky":false,"template":"","format":"standard","meta":{"footnotes":""},"categories":[],"tags":[],"class_list":["post-1544","post","type-post","status-publish","format-standard","hentry"],"_links":{"self":[{"href":"https:\/\/blog.lapecera.ch\/index.php?rest_route=\/wp\/v2\/posts\/1544","targetHints":{"allow":["GET"]}}],"collection":[{"href":"https:\/\/blog.lapecera.ch\/index.php?rest_route=\/wp\/v2\/posts"}],"about":[{"href":"https:\/\/blog.lapecera.ch\/index.php?rest_route=\/wp\/v2\/types\/post"}],"author":[{"embeddable":true,"href":"https:\/\/blog.lapecera.ch\/index.php?rest_route=\/wp\/v2\/users\/3"}],"replies":[{"embeddable":true,"href":"https:\/\/blog.lapecera.ch\/index.php?rest_route=%2Fwp%2Fv2%2Fcomments&post=1544"}],"version-history":[{"count":0,"href":"https:\/\/blog.lapecera.ch\/index.php?rest_route=\/wp\/v2\/posts\/1544\/revisions"}],"wp:attachment":[{"href":"https:\/\/blog.lapecera.ch\/index.php?rest_route=%2Fwp%2Fv2%2Fmedia&parent=1544"}],"wp:term":[{"taxonomy":"category","embeddable":true,"href":"https:\/\/blog.lapecera.ch\/index.php?rest_route=%2Fwp%2Fv2%2Fcategories&post=1544"},{"taxonomy":"post_tag","embeddable":true,"href":"https:\/\/blog.lapecera.ch\/index.php?rest_route=%2Fwp%2Fv2%2Ftags&post=1544"}],"curies":[{"name":"wp","href":"https:\/\/api.w.org\/{rel}","templated":true}]}}