{"id":154,"date":"2008-05-08T11:12:00","date_gmt":"2008-05-08T09:12:00","guid":{"rendered":"http:\/\/lapecera.ch\/?p=154"},"modified":"2008-05-08T11:12:00","modified_gmt":"2008-05-08T09:12:00","slug":"rosa","status":"publish","type":"post","link":"https:\/\/blog.lapecera.ch\/?p=154","title":{"rendered":"rosa"},"content":{"rendered":"<p>Bueno, llevo un rato pensando qu\u00e9 voy a colgar de imagen con la entrada de hoy y estoy dudando entre varias cosas pero supongo que acabar\u00e9 poni\u00e9ndo la que fue mi primera idea xDD<\/p>\n<p>Hoy es un d\u00eda especial para la nueva guardiana de la puerta del foro de Laura Gallego. A partir de hoy Leylah (o Lilith o Ladusvala o la golondrina o Rosa) puede votar, sacarse el carnet de conducir y hacer todas esas cosas que s\u00f3lo est\u00e1n permitidas a los mayores de edad&#8230;<\/p>\n<p><a href=\"http:\/\/www.lapecera.ch\/uploaded_images\/calvin_euphoria.jpg\" target=\"_blank\"><img decoding=\"async\" style=\"border: 1px solid #c83e22; display: block; margin: 0px auto 10px; text-align: center;\" src=\"http:\/\/www.lapecera.ch\/uploaded_images\/calvin_euphoriakl.jpg\" alt=\"\" border=\"0\" title=\"Euphoria\" \/><\/a><br \/>\nRosa y yo nos hemos pasado los \u00faltimos dos a\u00f1os hablanco casi diariamente de todo tipo de cosas: m\u00fasica, estudios, familia, plumas, cartas, libros, Corto Malt\u00e9s, gente, mariposas&#8230; El a\u00f1o que viene la echar\u00e9 de menos, pero mantendremos el contacto, \u00bfa qu\u00e9 s\u00ed? <img decoding=\"async\" src=\"http:\/\/www.lapecera.ch\/emoticons\/enthralled.gif\" alt=\"\" align=\"textTop\" border=\"0\" \/><\/p>\n<p><strong><span style=\"font-size: 130%; color: #c83e22;\">\u00a1Muchas felicidades, guapetona!<\/span><\/strong><\/p>\n<p>Con esto y un bizcocho&#8230; Besos<br \/>\nCris<\/p>\n<p>PS: Chris y yo tenemos un nuevo <a href=\"http:\/\/www.lapecera.ch\/lapecera.ch\/fotos\/peceradas\/31.jpg\" rel=\"example3\">animal de compa\u00f1\u00eda<\/a> xDDD<br \/>\nPS2: \u00a1Ah! Y no os olvid\u00e9is de seguir d\u00e1ndome ideas para mi playlist para ir a correr ^___^<\/p>\n","protected":false},"excerpt":{"rendered":"<p>Bueno, llevo un rato pensando qu\u00e9 voy a colgar de imagen con la entrada de hoy y estoy dudando entre varias cosas pero supongo que acabar\u00e9 poni\u00e9ndo la que fue mi primera idea xDD Hoy es un d\u00eda especial para la nueva guardiana de la puerta del foro de Laura Gallego. A partir de hoy [&hellip;]<\/p>\n","protected":false},"author":3,"featured_media":0,"comment_status":"open","ping_status":"closed","sticky":false,"template":"","format":"standard","meta":{"footnotes":""},"categories":[],"tags":[],"class_list":["post-154","post","type-post","status-publish","format-standard","hentry"],"_links":{"self":[{"href":"https:\/\/blog.lapecera.ch\/index.php?rest_route=\/wp\/v2\/posts\/154","targetHints":{"allow":["GET"]}}],"collection":[{"href":"https:\/\/blog.lapecera.ch\/index.php?rest_route=\/wp\/v2\/posts"}],"about":[{"href":"https:\/\/blog.lapecera.ch\/index.php?rest_route=\/wp\/v2\/types\/post"}],"author":[{"embeddable":true,"href":"https:\/\/blog.lapecera.ch\/index.php?rest_route=\/wp\/v2\/users\/3"}],"replies":[{"embeddable":true,"href":"https:\/\/blog.lapecera.ch\/index.php?rest_route=%2Fwp%2Fv2%2Fcomments&post=154"}],"version-history":[{"count":0,"href":"https:\/\/blog.lapecera.ch\/index.php?rest_route=\/wp\/v2\/posts\/154\/revisions"}],"wp:attachment":[{"href":"https:\/\/blog.lapecera.ch\/index.php?rest_route=%2Fwp%2Fv2%2Fmedia&parent=154"}],"wp:term":[{"taxonomy":"category","embeddable":true,"href":"https:\/\/blog.lapecera.ch\/index.php?rest_route=%2Fwp%2Fv2%2Fcategories&post=154"},{"taxonomy":"post_tag","embeddable":true,"href":"https:\/\/blog.lapecera.ch\/index.php?rest_route=%2Fwp%2Fv2%2Ftags&post=154"}],"curies":[{"name":"wp","href":"https:\/\/api.w.org\/{rel}","templated":true}]}}