{"id":1539,"date":"2010-09-01T08:53:14","date_gmt":"2010-09-01T06:53:14","guid":{"rendered":"http:\/\/lapecera.ch\/?p=1539"},"modified":"2010-09-01T08:53:14","modified_gmt":"2010-09-01T06:53:14","slug":"she-is-the-best-thing-thats-ever-been-mine","status":"publish","type":"post","link":"https:\/\/blog.lapecera.ch\/?p=1539","title":{"rendered":"She is the best thing that&#8217;s ever been mine"},"content":{"rendered":"<p>Me encanta esta ni\u00f1a. Me pregunto c\u00f3mo sonar\u00e1 en directo. Tendr\u00e9 que estar atenta para la gira &#8220;Speak&#8221;, aunque primero no estar\u00eda mal comprarme el disco cuando salga&#8230; En fin, me encanta el v\u00eddeo y, aunque el chico no me gusta tanto como el de &#8220;You belong with me&#8221;, da el pego xDD<\/p>\n<p><iframe loading=\"lazy\" src=\"http:\/\/player.vimeo.com\/video\/14554484?title=0&amp;byline=0&amp;portrait=0\" width=\"400\" height=\"265\" frameborder=\"0\"><\/iframe><\/p>\n<p>Hoy tengo clase de canto&#8230; A Taylor Swift no me gusta cantarla, pero hoy voy a seguir con &#8220;Time after time&#8221; y tendr\u00e9 que probar suerte con &#8220;We are the world&#8221;. \u00a1A ver qu\u00e9 tal se me da!<\/p>\n<p>Con esto y un bizcocho&#8230; Besos<br \/>\nCris<\/p>\n<p>PD: \u00a1Feliz cumpleAvaloq! Y van dos a\u00f1os aqu\u00ed. Hoy lo celebraremos con <em>muffins <\/em>y <em>whities <\/em>*___*<\/p>\n","protected":false},"excerpt":{"rendered":"<p>Me encanta esta ni\u00f1a. Me pregunto c\u00f3mo sonar\u00e1 en directo. Tendr\u00e9 que estar atenta para la gira &#8220;Speak&#8221;, aunque primero no estar\u00eda mal comprarme el disco cuando salga&#8230; En fin, me encanta el v\u00eddeo y, aunque el chico no me gusta tanto como el de &#8220;You belong with me&#8221;, da el pego xDD Hoy tengo [&hellip;]<\/p>\n","protected":false},"author":3,"featured_media":0,"comment_status":"open","ping_status":"closed","sticky":false,"template":"","format":"standard","meta":{"footnotes":""},"categories":[],"tags":[],"class_list":["post-1539","post","type-post","status-publish","format-standard","hentry"],"_links":{"self":[{"href":"https:\/\/blog.lapecera.ch\/index.php?rest_route=\/wp\/v2\/posts\/1539","targetHints":{"allow":["GET"]}}],"collection":[{"href":"https:\/\/blog.lapecera.ch\/index.php?rest_route=\/wp\/v2\/posts"}],"about":[{"href":"https:\/\/blog.lapecera.ch\/index.php?rest_route=\/wp\/v2\/types\/post"}],"author":[{"embeddable":true,"href":"https:\/\/blog.lapecera.ch\/index.php?rest_route=\/wp\/v2\/users\/3"}],"replies":[{"embeddable":true,"href":"https:\/\/blog.lapecera.ch\/index.php?rest_route=%2Fwp%2Fv2%2Fcomments&post=1539"}],"version-history":[{"count":0,"href":"https:\/\/blog.lapecera.ch\/index.php?rest_route=\/wp\/v2\/posts\/1539\/revisions"}],"wp:attachment":[{"href":"https:\/\/blog.lapecera.ch\/index.php?rest_route=%2Fwp%2Fv2%2Fmedia&parent=1539"}],"wp:term":[{"taxonomy":"category","embeddable":true,"href":"https:\/\/blog.lapecera.ch\/index.php?rest_route=%2Fwp%2Fv2%2Fcategories&post=1539"},{"taxonomy":"post_tag","embeddable":true,"href":"https:\/\/blog.lapecera.ch\/index.php?rest_route=%2Fwp%2Fv2%2Ftags&post=1539"}],"curies":[{"name":"wp","href":"https:\/\/api.w.org\/{rel}","templated":true}]}}