{"id":1534,"date":"2010-08-30T12:18:47","date_gmt":"2010-08-30T10:18:47","guid":{"rendered":"http:\/\/lapecera.ch\/?p=1534"},"modified":"2010-08-30T12:18:47","modified_gmt":"2010-08-30T10:18:47","slug":"v-i-s-very-important-stuff","status":"publish","type":"post","link":"https:\/\/blog.lapecera.ch\/?p=1534","title":{"rendered":"V.I.S. &#8211; Very Important Stuff"},"content":{"rendered":"<p>\u00a1Gente que no lee ni comenta mi blog! Atentos a la noticia a quien le interese, o sea, los amigos de Oviedo.<\/p>\n<p>Este a\u00f1o NO hay cena internacional. Repito: <strong>\u00a1NO hay cena internacional!<\/strong><\/p>\n<p>\u00bfPor qu\u00e9? Muy sencillo. Christoph y yo estaremos en Oviedo en octubre (del 25 de septiembre al 2 de octubre o del 2 de octubre al 9 de octubre, todav\u00eda por determinar), no en diciembre, y s\u00f3lo una semana, as\u00ed que no hay ganas ni tiempo de prepararla y\/o organizarla como otros a\u00f1os. Sin embargo, organizaremos una cena fuera en alg\u00fan restaurante donde otros cocinen por nosotros xD Ya recibir\u00e9is un e-mail con doodle y m\u00e1s informaci\u00f3n.<\/p>\n<p><a href=\"http:\/\/healzo.deviantart.com\/\" target=\"_blank\"><img loading=\"lazy\" decoding=\"async\" src=\"http:\/\/lapecera.ch\/wp-content\/uploads\/2010\/08\/The_Traveller_by_Healzo-100x100.jpg\" alt=\"\" title=\"The_Traveller_by_Healzo\" width=\"100\" height=\"100\" class=\"alignleft size-thumbnail wp-image-1535\" \/><\/a>En Navidades tenemos previsto irnos dos semanas al quinto pinto, tambi\u00e9n conocido como Isla Mauritius, que es el destino que se le ha metido a mi media naranja entre ceja y ceja desde que el s\u00e1bado tuve la idea brillante \ud83d\ude1b otros posibles destinos son las Maldivas, Sri Lanka o Goa, todo depende del precio y del chute que me tenga que meter en el cuerpo para aguantar tantas horas de avi\u00f3n T-T<\/p>\n<p>Para futuras vacaciones hemos empezado a hacer una lista de pa\u00edses y lugares que nos gustar\u00eda visitar por continente. En Asia est\u00e1n Jap\u00f3n, India, Indonesia, Malasia y Singapur; en Am\u00e9rica, los Estados Unidos, Canad\u00e1, las Bahamas, Chile y Argentina; en Europa, todo lo que me falta de Europa, pero especialmente el norte; en Ocean\u00eda, las islas del Pac\u00edfico y quiz\u00e1 alg\u00fan d\u00eda Australia; y en \u00c1frica, el Kilimanjaro y Egipto. Para planificar estas cosas y acumular datos e informaci\u00f3n importantes para los viajes, tengo una cuenta en <a href=\"http:\/\/www.dopplr.com\/traveller\/papalbina\" target=\"_blank\">dopplr<\/a> que he empezado a usar&#8230; A ver qu\u00e9 tal se me da&#8230; Y vosotros, \u00bfa d\u00f3nde os gustar\u00eda ir?<\/p>\n<p>Y ahora os dejo, es lunes y el trabajo me ataca por todos los flancos, \u00a1redios! Pero de momento me voy a comer&#8230;<\/p>\n<p>Con esto y un bizcocho&#8230; Besos<br \/>\nCris<\/p>\n","protected":false},"excerpt":{"rendered":"<p>\u00a1Gente que no lee ni comenta mi blog! Atentos a la noticia a quien le interese, o sea, los amigos de Oviedo. Este a\u00f1o NO hay cena internacional. Repito: \u00a1NO hay cena internacional! \u00bfPor qu\u00e9? Muy sencillo. Christoph y yo estaremos en Oviedo en octubre (del 25 de septiembre al 2 de octubre o del [&hellip;]<\/p>\n","protected":false},"author":3,"featured_media":0,"comment_status":"open","ping_status":"closed","sticky":false,"template":"","format":"standard","meta":{"footnotes":""},"categories":[],"tags":[],"class_list":["post-1534","post","type-post","status-publish","format-standard","hentry"],"_links":{"self":[{"href":"https:\/\/blog.lapecera.ch\/index.php?rest_route=\/wp\/v2\/posts\/1534","targetHints":{"allow":["GET"]}}],"collection":[{"href":"https:\/\/blog.lapecera.ch\/index.php?rest_route=\/wp\/v2\/posts"}],"about":[{"href":"https:\/\/blog.lapecera.ch\/index.php?rest_route=\/wp\/v2\/types\/post"}],"author":[{"embeddable":true,"href":"https:\/\/blog.lapecera.ch\/index.php?rest_route=\/wp\/v2\/users\/3"}],"replies":[{"embeddable":true,"href":"https:\/\/blog.lapecera.ch\/index.php?rest_route=%2Fwp%2Fv2%2Fcomments&post=1534"}],"version-history":[{"count":0,"href":"https:\/\/blog.lapecera.ch\/index.php?rest_route=\/wp\/v2\/posts\/1534\/revisions"}],"wp:attachment":[{"href":"https:\/\/blog.lapecera.ch\/index.php?rest_route=%2Fwp%2Fv2%2Fmedia&parent=1534"}],"wp:term":[{"taxonomy":"category","embeddable":true,"href":"https:\/\/blog.lapecera.ch\/index.php?rest_route=%2Fwp%2Fv2%2Fcategories&post=1534"},{"taxonomy":"post_tag","embeddable":true,"href":"https:\/\/blog.lapecera.ch\/index.php?rest_route=%2Fwp%2Fv2%2Ftags&post=1534"}],"curies":[{"name":"wp","href":"https:\/\/api.w.org\/{rel}","templated":true}]}}