{"id":1531,"date":"2010-08-28T12:29:08","date_gmt":"2010-08-28T10:29:08","guid":{"rendered":"http:\/\/lapecera.ch\/?p=1531"},"modified":"2010-08-28T12:29:08","modified_gmt":"2010-08-28T10:29:08","slug":"tomas-falsas","status":"publish","type":"post","link":"https:\/\/blog.lapecera.ch\/?p=1531","title":{"rendered":"Tomas falsas"},"content":{"rendered":"<p>Este es el resultado final:<\/p>\n<p><object width=\"560\" height=\"340\"><param name=\"movie\" value=\"http:\/\/www.youtube.com\/v\/6K2Led2C2Es?fs=1&amp;hl=en_US&amp;color1=0x5d1719&amp;color2=0xcd311b\"><\/param><param name=\"allowFullScreen\" value=\"true\"><\/param><param name=\"allowscriptaccess\" value=\"always\"><\/param><embed src=\"http:\/\/www.youtube.com\/v\/6K2Led2C2Es?fs=1&amp;hl=en_US&amp;color1=0x5d1719&amp;color2=0xcd311b\" type=\"application\/x-shockwave-flash\" allowscriptaccess=\"always\" allowfullscreen=\"true\" width=\"560\" height=\"340\"><\/embed><\/object><\/p>\n<p>Y aqu\u00ed pod\u00e9is encontrar el v\u00eddeo de la grabaci\u00f3n donde Federer y Nadal no pueden parar de re\u00edr xDDD (No lo he encontrado en youtube, s\u00f3lo en el Blick :P)<\/p>\n<p><a href=\"http:\/\/www.blick.ch\/sport\/web-tv?firstProjectID=17940\" target=\"_blank\">Federer und Nadal lachen sich kaputt<\/a><\/p>\n<p>Que pas\u00e9is un buen fin de semana, Christoph y yo nos vamos a Berna de compras \ud83d\ude09<\/p>\n<p>Con esto y un bizcocho&#8230; Besos<br \/>\nCris<\/p>\n","protected":false},"excerpt":{"rendered":"<p>Este es el resultado final: Y aqu\u00ed pod\u00e9is encontrar el v\u00eddeo de la grabaci\u00f3n donde Federer y Nadal no pueden parar de re\u00edr xDDD (No lo he encontrado en youtube, s\u00f3lo en el Blick :P) Federer und Nadal lachen sich kaputt Que pas\u00e9is un buen fin de semana, Christoph y yo nos vamos a Berna [&hellip;]<\/p>\n","protected":false},"author":3,"featured_media":0,"comment_status":"open","ping_status":"closed","sticky":false,"template":"","format":"standard","meta":{"footnotes":""},"categories":[],"tags":[],"class_list":["post-1531","post","type-post","status-publish","format-standard","hentry"],"_links":{"self":[{"href":"https:\/\/blog.lapecera.ch\/index.php?rest_route=\/wp\/v2\/posts\/1531","targetHints":{"allow":["GET"]}}],"collection":[{"href":"https:\/\/blog.lapecera.ch\/index.php?rest_route=\/wp\/v2\/posts"}],"about":[{"href":"https:\/\/blog.lapecera.ch\/index.php?rest_route=\/wp\/v2\/types\/post"}],"author":[{"embeddable":true,"href":"https:\/\/blog.lapecera.ch\/index.php?rest_route=\/wp\/v2\/users\/3"}],"replies":[{"embeddable":true,"href":"https:\/\/blog.lapecera.ch\/index.php?rest_route=%2Fwp%2Fv2%2Fcomments&post=1531"}],"version-history":[{"count":0,"href":"https:\/\/blog.lapecera.ch\/index.php?rest_route=\/wp\/v2\/posts\/1531\/revisions"}],"wp:attachment":[{"href":"https:\/\/blog.lapecera.ch\/index.php?rest_route=%2Fwp%2Fv2%2Fmedia&parent=1531"}],"wp:term":[{"taxonomy":"category","embeddable":true,"href":"https:\/\/blog.lapecera.ch\/index.php?rest_route=%2Fwp%2Fv2%2Fcategories&post=1531"},{"taxonomy":"post_tag","embeddable":true,"href":"https:\/\/blog.lapecera.ch\/index.php?rest_route=%2Fwp%2Fv2%2Ftags&post=1531"}],"curies":[{"name":"wp","href":"https:\/\/api.w.org\/{rel}","templated":true}]}}