{"id":1519,"date":"2010-08-24T11:20:06","date_gmt":"2010-08-24T09:20:06","guid":{"rendered":"http:\/\/lapecera.ch\/?p=1519"},"modified":"2010-08-24T11:20:06","modified_gmt":"2010-08-24T09:20:06","slug":"la-noche-naranja","status":"publish","type":"post","link":"https:\/\/blog.lapecera.ch\/?p=1519","title":{"rendered":"La noche naranja"},"content":{"rendered":"<p>Cuando viv\u00eda en Basel, sol\u00edamos ir todos los veranos a la <em>Orange Night<\/em> del <a href=\"http:\/\/www.orangecinema.ch\" target=\"_blank\">Orange OpenAirCinema<\/a>. El truco del evento es ofrecer un preestreno en exclusiva, pero es una sorpresa. As\u00ed de las veces que hab\u00edamos ido me tocaron pel\u00edculas bastante diferentes entre s\u00ed: <a href=\"http:\/\/www.imdb.com\/title\/tt0317740\/\" class=\"example7\"><em>The italian job<\/em><\/a>, <a href=\"http:\/\/www.imdb.com\/title\/tt0328107\/\" class=\"example7\"><em>Man on fire<\/em><\/a> y <a href=\"http:\/\/www.imdb.com\/title\/tt0869994\/\" class=\"example7\"><em>Paris<\/em><\/a>. No recuerdo si vi alguna otra m\u00e1s, aunque jurar\u00eda que fui cuatro veces&#8230; \u00a1Ay, la edad! El caso es que el viernes pasado toc\u00f3 <em>Orange Night<\/em> de nuevo en Basel despu\u00e9s de un a\u00f1o sab\u00e1tico que se tomaron por las reformas de la M\u00fcnsterplatz en el verano de 2009&#8230; <\/p>\n<p>\u00bfY qu\u00e9 nos pusieron? <a href=\"http:\/\/www.imdb.com\/title\/tt0842926\/\" target=\"_blank\"><em>The Kids are all right<\/em><\/a>. El slogan de la pel\u00edcula resume con bastante fidelidad de qu\u00e9 va la pel\u00edcula: &#8220;Nic y Jules tienen la familia perfecta, hasta que conocen al hombre que la hizo posible&#8221;.<\/p>\n<p>[spoiler]Joni y Laser son hijos de una pareja de lesbianas. Cada uno es hijo de una de ellas y comparten el donante de esperma que lo hizo posible. Joni acaba de cumplir los 18 a\u00f1os, as\u00ed que tiene la posibilidad de ejercer su derecho a preguntar por su padre biol\u00f3gico al banco de esperma. Ella no quiere, pero su hermano de 15 a\u00f1os se muere por saber qui\u00e9n es su progenitor y convence a su hermana para que haga la llamada. <\/p>\n<p>En el momento en el que los ni\u00f1os se ponen en contacto con Paul, el donante, la vida de toda la familia da un giro radical. Joni y Laser se sienten de alguna forma fascinados por su &#8220;padre&#8221;, sobre todo la chica. Jules se siente atra\u00edda por \u00e9l, probablemente porque Paul le ofrece m\u00e1s atenci\u00f3n y apoyo que su compa\u00f1era en los \u00faltimos a\u00f1os. Nic, la cabeza de familia, siente celos primero de su relaci\u00f3n con sus hijos, luego con raz\u00f3n de su relaci\u00f3n con Jules. Cuando se descubre lo que hay entre Paul y Jules, toda la familia, inclu\u00eddos sus hijos, rechazan a ambos, Paul queda desterrado y Jules recobra poquito a poquito la confianza de la familia despu\u00e9s de dispulparse. <\/p>\n<p>El final es, si bien l\u00f3gico, un tanto injusto con el personaje de Paul. La irrupci\u00f3n de sus &#8220;hijos&#8221; en su vida le hace, hasta cierto punto, crecer y madurar, a\u00f1orar algo que pens\u00f3 que no necesitaba, pero a m\u00ed me pareci\u00f3 una falta de respeto que nadie se molestase en decirle: &#8220;Perdona por lo que te hemos hecho&#8221;. Y la absoluta falta de sentimiento de culpa de Laser, causante indirecto de todo el l\u00edo de la pel\u00edcula, me pareci\u00f3 incre\u00edble. Pero bueno&#8230; [\/spoiler]<\/p>\n<p><a href=\"http:\/\/lapecera.ch\/wp-content\/uploads\/2010\/08\/the-kids-are-all-right-poster.jpg\" rel=\"example3\"><img loading=\"lazy\" decoding=\"async\" src=\"http:\/\/lapecera.ch\/wp-content\/uploads\/2010\/08\/the-kids-are-all-right-poster-203x300.jpg\" alt=\"\" title=\"the-kids-are-all-right-poster\" width=\"203\" height=\"300\" class=\"alignleft size-medium wp-image-1520\" srcset=\"https:\/\/blog.lapecera.ch\/wp-content\/uploads\/2010\/08\/the-kids-are-all-right-poster-203x300.jpg 203w, https:\/\/blog.lapecera.ch\/wp-content\/uploads\/2010\/08\/the-kids-are-all-right-poster.jpg 450w\" sizes=\"auto, (max-width: 203px) 100vw, 203px\" \/><\/a>La pel\u00edcula es muy entretenida, tiene muy buenos chistes y muy buenas escenas c\u00f3micas. Tanto Annette Bening como Julianne Moore dan el pego como pareja de lesbianas y Mark Ruffallo no se deja amilanar y hasta les roba la pantalla cuando aparece. En definitiva, una comedia con tonos dram\u00e1ticos hacia el final con un tema m\u00e1s bien manido (vida de familia, infidelidad y todo eso), pero situado en un nuevo escenario, y un elenco magn\u00edfico. Vamos, yo no habr\u00eda ido al cine a verla, pero no me hubiera importado verla en DVD en casa \ud83d\ude42<\/p>\n<p>Y siguiendo con el cine, mezclado un poco con los libros, ayer me compr\u00e9, no s\u00f3lo <em>Mockingjay<\/em> de Suzanne Collins, un d\u00eda antes de su salida oficial, sino tambi\u00e9n me hice con <em>I am number four <\/em>de Pittacus Lore (seud\u00f3nimo de Jobie Hughes y James Frey), el primero de una serie de seis libros llamada <em>Lorien Legacies<\/em>, sobre un grupo de aliens que buscan refugio en la Tierra y son perseguidos por los que destruyeron su planeta (o algo as\u00ed, que todav\u00eda no me he le\u00eddo el libro). El a\u00f1o que viene tendremos pel\u00edcula con Alex Pettyfer (*\u00ac*) y Dianna Agron. Si las fechas son correctas, en febrero hay raci\u00f3n Pettyfer en <em>I am number four<\/em> y en marzo, otra en <em>Beastly<\/em> *_____* \u00bfAlguien sabe si el libro saldr\u00e1 pronto en espa\u00f1ol? En todo caso, es el siguiente libro en mi lista, me da igual que sea una saga o no&#8230; Luego me quedar\u00e9 sin dedos (u\u00f1as ya no tengo) esperando el resto \ud83d\ude1b<\/p>\n<p>Sobre el fin de semana con los sobrinos no tengo mucho que contar, en cuanto me acuerde subier\u00e9 las fotos, pero eso ya ser\u00e1 otro d\u00eda \ud83d\ude42 Ahora me toca abrir <em>Issues<\/em> y escribir informes \u00ac\u00ac Menos mal que hoy tengo una sesi\u00f3n de Shiatsu para relajarme ^___^<\/p>\n<p>Con esto y un bizcocho&#8230; Besos<br \/>\nCris<\/p>\n","protected":false},"excerpt":{"rendered":"<p>Cuando viv\u00eda en Basel, sol\u00edamos ir todos los veranos a la Orange Night del Orange OpenAirCinema. El truco del evento es ofrecer un preestreno en exclusiva, pero es una sorpresa. As\u00ed de las veces que hab\u00edamos ido me tocaron pel\u00edculas bastante diferentes entre s\u00ed: The italian job, Man on fire y Paris. No recuerdo si [&hellip;]<\/p>\n","protected":false},"author":3,"featured_media":0,"comment_status":"open","ping_status":"closed","sticky":false,"template":"","format":"standard","meta":{"footnotes":""},"categories":[],"tags":[],"class_list":["post-1519","post","type-post","status-publish","format-standard","hentry"],"_links":{"self":[{"href":"https:\/\/blog.lapecera.ch\/index.php?rest_route=\/wp\/v2\/posts\/1519","targetHints":{"allow":["GET"]}}],"collection":[{"href":"https:\/\/blog.lapecera.ch\/index.php?rest_route=\/wp\/v2\/posts"}],"about":[{"href":"https:\/\/blog.lapecera.ch\/index.php?rest_route=\/wp\/v2\/types\/post"}],"author":[{"embeddable":true,"href":"https:\/\/blog.lapecera.ch\/index.php?rest_route=\/wp\/v2\/users\/3"}],"replies":[{"embeddable":true,"href":"https:\/\/blog.lapecera.ch\/index.php?rest_route=%2Fwp%2Fv2%2Fcomments&post=1519"}],"version-history":[{"count":0,"href":"https:\/\/blog.lapecera.ch\/index.php?rest_route=\/wp\/v2\/posts\/1519\/revisions"}],"wp:attachment":[{"href":"https:\/\/blog.lapecera.ch\/index.php?rest_route=%2Fwp%2Fv2%2Fmedia&parent=1519"}],"wp:term":[{"taxonomy":"category","embeddable":true,"href":"https:\/\/blog.lapecera.ch\/index.php?rest_route=%2Fwp%2Fv2%2Fcategories&post=1519"},{"taxonomy":"post_tag","embeddable":true,"href":"https:\/\/blog.lapecera.ch\/index.php?rest_route=%2Fwp%2Fv2%2Ftags&post=1519"}],"curies":[{"name":"wp","href":"https:\/\/api.w.org\/{rel}","templated":true}]}}