{"id":1512,"date":"2010-08-23T14:22:07","date_gmt":"2010-08-23T12:22:07","guid":{"rendered":"http:\/\/lapecera.ch\/?p=1512"},"modified":"2010-08-23T14:22:07","modified_gmt":"2010-08-23T12:22:07","slug":"kai-meyer","status":"publish","type":"post","link":"https:\/\/blog.lapecera.ch\/?p=1512","title":{"rendered":"Kai Meyer"},"content":{"rendered":"<p>Ya s\u00e9 que llego tarde, pero no tengo la culpa de que hayan sacado la revista justo el fin de semana cuando yo me voy de acampada&#8230; Todos los redactores de El Templo se han dedicado a difundir la noticia a los cuatro vientos, pero yo voy a barrer pa&#8217;casa. <\/p>\n<p>M\u00edrense ustedes de la p\u00e1gina 30 a la 34, donde encontrar\u00e1n una entrevista a Kai Meyer, autor de <em>La Reina de la Laguna<\/em>, <em>Los caminantes del mar<\/em>, <em>La conspiraci\u00f3n del Vaticano<\/em>, <em>La Reina de las Nieves<\/em>, <em>El jard\u00edn del Ed\u00e9n<\/em> y el juego de rol, <em>Engel<\/em>. \u00a1Mi primera entrevista! Me siento como una ni\u00f1a el primer d\u00eda de escuela. \u00a1Qu\u00e9 sensaci\u00f3n tan rara! xDDD<\/p>\n<p><a href=\"http:\/\/www.eltemplodelasmilpuertas.com\/revista\/templo.php?numero=17\" target=\"_blank\"><img loading=\"lazy\" decoding=\"async\" src=\"http:\/\/lapecera.ch\/wp-content\/uploads\/2010\/08\/eltemplokaimeyer-231x300.png\" alt=\"\" title=\"eltemplokaimeyer\" width=\"231\" height=\"300\" class=\"alignnone size-medium wp-image-1513\" srcset=\"https:\/\/blog.lapecera.ch\/wp-content\/uploads\/2010\/08\/eltemplokaimeyer-231x300.png 231w, https:\/\/blog.lapecera.ch\/wp-content\/uploads\/2010\/08\/eltemplokaimeyer.png 470w\" sizes=\"auto, (max-width: 231px) 100vw, 231px\" \/><\/a><\/p>\n<p>Ma\u00f1ana, probablemente, volver\u00e9 a seguir predicando en el desierto con las fotos del fin de semana y un comentario sobre la <em>Orange Night<\/em>. Las estad\u00edsticas de la web de esta semana eran tan desalentadoras que he estado a punto de borrarlo todo T_________T A ver si La Pecera se recupera o lo dejar\u00e9 definitivamente por imposible.<\/p>\n<p>Con esto y un bizcocho&#8230; Besos<br \/>\nCris<\/p>\n<p>PS: A la izquierda hay una encuesta pa que me cont\u00e9is sobre qu\u00e9 quer\u00e9is leer&#8230; A lo mejor as\u00ed consigo ganar lectores&#8230; y comentarios \ud83d\ude42<\/p>\n","protected":false},"excerpt":{"rendered":"<p>Ya s\u00e9 que llego tarde, pero no tengo la culpa de que hayan sacado la revista justo el fin de semana cuando yo me voy de acampada&#8230; Todos los redactores de El Templo se han dedicado a difundir la noticia a los cuatro vientos, pero yo voy a barrer pa&#8217;casa. M\u00edrense ustedes de la p\u00e1gina [&hellip;]<\/p>\n","protected":false},"author":3,"featured_media":0,"comment_status":"open","ping_status":"closed","sticky":false,"template":"","format":"standard","meta":{"footnotes":""},"categories":[],"tags":[],"class_list":["post-1512","post","type-post","status-publish","format-standard","hentry"],"_links":{"self":[{"href":"https:\/\/blog.lapecera.ch\/index.php?rest_route=\/wp\/v2\/posts\/1512","targetHints":{"allow":["GET"]}}],"collection":[{"href":"https:\/\/blog.lapecera.ch\/index.php?rest_route=\/wp\/v2\/posts"}],"about":[{"href":"https:\/\/blog.lapecera.ch\/index.php?rest_route=\/wp\/v2\/types\/post"}],"author":[{"embeddable":true,"href":"https:\/\/blog.lapecera.ch\/index.php?rest_route=\/wp\/v2\/users\/3"}],"replies":[{"embeddable":true,"href":"https:\/\/blog.lapecera.ch\/index.php?rest_route=%2Fwp%2Fv2%2Fcomments&post=1512"}],"version-history":[{"count":0,"href":"https:\/\/blog.lapecera.ch\/index.php?rest_route=\/wp\/v2\/posts\/1512\/revisions"}],"wp:attachment":[{"href":"https:\/\/blog.lapecera.ch\/index.php?rest_route=%2Fwp%2Fv2%2Fmedia&parent=1512"}],"wp:term":[{"taxonomy":"category","embeddable":true,"href":"https:\/\/blog.lapecera.ch\/index.php?rest_route=%2Fwp%2Fv2%2Fcategories&post=1512"},{"taxonomy":"post_tag","embeddable":true,"href":"https:\/\/blog.lapecera.ch\/index.php?rest_route=%2Fwp%2Fv2%2Ftags&post=1512"}],"curies":[{"name":"wp","href":"https:\/\/api.w.org\/{rel}","templated":true}]}}