{"id":148,"date":"2008-04-16T14:11:00","date_gmt":"2008-04-16T12:11:00","guid":{"rendered":"http:\/\/lapecera.ch\/?p=148"},"modified":"2008-04-16T14:11:00","modified_gmt":"2008-04-16T12:11:00","slug":"b-s-o","status":"publish","type":"post","link":"https:\/\/blog.lapecera.ch\/?p=148","title":{"rendered":"B.S.O."},"content":{"rendered":"<p>Ma\u00f1ana Christoph y yo nos vamos a un concierto en Z\u00fcrich, sin ninguna gana \u2013no por la m\u00fasica, sino por el hecho de tener que ir a Z\u00fcrich v.v Vamos a ver <em>A Fine Frenzy<\/em> aka Alison Sudol, que si no la hab\u00e9is escuchado todav\u00eda, <strong>\u00a1no s\u00e9 a qu\u00e9 est\u00e1is esperando!<\/strong> <\/p>\n<p>El fin de semana pasado toc\u00f3, entre otras cosas, limpieza de CD en nuestra colecci\u00f3n (y reconstrucci\u00f3n de los cajones donde los tengo metidos, que estaban todos &#8220;descolingaos&#8221; fO.o). Evidentemente me puse nost\u00e1lgica, como cuando te da por revisar los libros que le\u00edste cuando eras peque\u00f1a&#8230; pues lo mismo pero con la m\u00fasica que escuchabas en tus a\u00f1os de instituto\/universidad. En otro momento y en otra casa, enti\u00e9ndase Oviedo, me habr\u00eda dado por escuchar otra cosa, pero como los CD que tengo aqu\u00ed de la \u00e9poca antes mencionada son m\u00e1s bien pocos, me qued\u00e9 colgada de Shakira. Me puse el primer (en realidad, tercer) disco de Shakira, <em>Pies Descalzos<\/em> y volv\u00ed a entender porqu\u00e9 esta chica me gust\u00f3 tanto la primera vez que la escuch\u00e9 y porqu\u00e9 el disco de <em>Fijaci\u00f3n oral<\/em> se ha ido a fre\u00edr esp\u00e1rragos (y el de <em>Oral fixation<\/em> ni est\u00e1 en mi colecci\u00f3n). Por eso, llevo dos d\u00edas escuchando <em>Antolog\u00eda<\/em> una y otra vez&#8230; Voy a preguntarle a mi profe de guitarra si me ense\u00f1a a tocarla xDDDD<\/p>\n<p><object width=\"425\" height=\"355\"><param name=\"movie\" value=\"http:\/\/www.youtube.com\/v\/TUxk6V5GsLQ&#038;hl=en&#038;color1=0x5d1719&#038;color2=0xcd311b\"><\/param><param name=\"wmode\" value=\"transparent\"><\/param><embed src=\"http:\/\/www.youtube.com\/v\/TUxk6V5GsLQ&#038;hl=en&#038;color1=0x5d1719&#038;color2=0xcd311b\" type=\"application\/x-shockwave-flash\" wmode=\"transparent\" width=\"425\" height=\"355\"><\/embed><\/object><\/p>\n<p>Y este fin de semana, aparte del concierto del viernes, toca dedicarle tiempo a mis plantitas, que ya estamos en abril y va siendo hora de plantar cosas nuevas ^___^ y hacer deporte, si no llueve v.v<\/p>\n<p>Hoy tengo mi segunda clase de guitarra. A ver si soy capaz de recordar lo que aprend\u00ed la semana pasada xDD<\/p>\n<p>Con esto y un bizcocho&#8230; Besos<br \/>Cris<\/p>\n<p>PS: \u00a1Ah! Y ha empezado OT de nuevo y me encantan Chipper y Virginia ^__^<\/p>\n","protected":false},"excerpt":{"rendered":"<p>Ma\u00f1ana Christoph y yo nos vamos a un concierto en Z\u00fcrich, sin ninguna gana \u2013no por la m\u00fasica, sino por el hecho de tener que ir a Z\u00fcrich v.v Vamos a ver A Fine Frenzy aka Alison Sudol, que si no la hab\u00e9is escuchado todav\u00eda, \u00a1no s\u00e9 a qu\u00e9 est\u00e1is esperando! El fin de semana [&hellip;]<\/p>\n","protected":false},"author":3,"featured_media":0,"comment_status":"open","ping_status":"closed","sticky":false,"template":"","format":"standard","meta":{"footnotes":""},"categories":[],"tags":[],"class_list":["post-148","post","type-post","status-publish","format-standard","hentry"],"_links":{"self":[{"href":"https:\/\/blog.lapecera.ch\/index.php?rest_route=\/wp\/v2\/posts\/148","targetHints":{"allow":["GET"]}}],"collection":[{"href":"https:\/\/blog.lapecera.ch\/index.php?rest_route=\/wp\/v2\/posts"}],"about":[{"href":"https:\/\/blog.lapecera.ch\/index.php?rest_route=\/wp\/v2\/types\/post"}],"author":[{"embeddable":true,"href":"https:\/\/blog.lapecera.ch\/index.php?rest_route=\/wp\/v2\/users\/3"}],"replies":[{"embeddable":true,"href":"https:\/\/blog.lapecera.ch\/index.php?rest_route=%2Fwp%2Fv2%2Fcomments&post=148"}],"version-history":[{"count":0,"href":"https:\/\/blog.lapecera.ch\/index.php?rest_route=\/wp\/v2\/posts\/148\/revisions"}],"wp:attachment":[{"href":"https:\/\/blog.lapecera.ch\/index.php?rest_route=%2Fwp%2Fv2%2Fmedia&parent=148"}],"wp:term":[{"taxonomy":"category","embeddable":true,"href":"https:\/\/blog.lapecera.ch\/index.php?rest_route=%2Fwp%2Fv2%2Fcategories&post=148"},{"taxonomy":"post_tag","embeddable":true,"href":"https:\/\/blog.lapecera.ch\/index.php?rest_route=%2Fwp%2Fv2%2Ftags&post=148"}],"curies":[{"name":"wp","href":"https:\/\/api.w.org\/{rel}","templated":true}]}}