{"id":147,"date":"2008-04-10T14:01:00","date_gmt":"2008-04-10T12:01:00","guid":{"rendered":"http:\/\/lapecera.ch\/?p=147"},"modified":"2008-04-10T14:01:00","modified_gmt":"2008-04-10T12:01:00","slug":"a-vueltas-con-mi-nombre","status":"publish","type":"post","link":"https:\/\/blog.lapecera.ch\/?p=147","title":{"rendered":"A vueltas con mi nombre"},"content":{"rendered":"<p><a href=\"http:\/\/www.lapecera.ch\/uploaded_images\/sopa-de-letras-743411.jpg\" rel=\"example3\"><img decoding=\"async\" style=\"float:right; margin:0 0 10px 10px;cursor:pointer; cursor:hand;\" src=\"http:\/\/www.lapecera.ch\/uploaded_images\/sopa-de-letras-743375.jpg\" border=\"0\" alt=\"Busca los 15 nombres de mujer\" \/><\/a>Seguro que todos ten\u00e9is, o conoc\u00e9is a alguien que tiene, una historia que contar acerca de su nombre. Por ejemplo, un ex-compa\u00f1ero y amigo de Christoph se llama oficialmente Markus Oliver porque a su padre se le cruzaron los cables en el registro y le dio la vuelta a los nombres que hab\u00edan pensado darle. Sin embargo, nadie le llama Markus, as\u00ed que en el colegio siempre hab\u00eda alg\u00fan momento singular cuando el profesor de turno se dirig\u00eda a \u00e9l como Markus y \u00e9l no se daba por aludido. Otro ejemplo es el de Theo, que iba a ser una Christina, pero en vista de que no ten\u00eda nada de Christina, los padres decidieron llamarle Theo a secas. El tipo del registro se neg\u00f3 en redondo a aceptar ese nombre porque era un diminutivo y entre todas las posibilidades, su padre eligi\u00f3 Teofilo (no s\u00e9 como se escribe en alem\u00e1n), \u00a1pa matarlo!. Eso s\u00ed su segundo nombre es Christian. <\/p>\n<p>Y el caso m\u00e1s singular sin duda es el m\u00edo xDD El hecho de que mi hermana y yo nos llamemos como las infantas es culpa de un funcionario del ayuntamiento de Oviedo que el 10 de noviembre de 19*beeep* decidi\u00f3 tocarle las narices a mi padre y no aceptar Sandra como nombre. S\u00ed, se\u00f1ores, yo deber\u00eda haberme llamado Sandra, como era el deseo de mis padres. Cuando el tipo del registro le dijo a mi padre que Sandra era el diminutivo de Alejandra y por tanto no era un nombre propiamente dicho y que si quer\u00edan llamarme Sandra, deb\u00eda estar registrada como Alejandra, mi padre, a falta de posibilidades de comunicaci\u00f3n con mi madre (que a\u00fan estaba en el hospital conmigo en brazos y llam\u00e1ndome Sandra), llam\u00f3 a mi madrina y lo consult\u00f3 con ella. To\u00f1a, que deb\u00eda de estar leyendo el &#8220;Pronto&#8221; en esos momentos, s\u00f3lo se le ocurri\u00f3 ofrecerle dos opciones: Cristina o Elena. Mi padre eligi\u00f3 Cristina porque &#8220;Elena le sonaba a vieja&#8221;. Lo que hubiera dado por estar consciente y ver la cara de mi madre cuando mi padre volvi\u00f3 al hospital y le dijo: &#8220;No llames a la guaja Sandra que se llama Cristina&#8221; xDDDDDD Me cost\u00f3 a\u00f1os reconciliarme con mi nombre, porque si a mi padre Elena le sonaba a nombre de abuela, a m\u00ed Cristina me sonaba a nombre de ni\u00f1a peque\u00f1a y no pod\u00eda imaginarme ser adulta con semejante nombre. En alg\u00fan momento deb\u00ed de conocer a alguna tocaya mayor o alg\u00fan personaje importante y\/o hist\u00f3rico (que no hay muchos, todo sea dicho de paso) y supongo que poco a poco mi nombre empez\u00f3 a gustarme, o simplemente me resign\u00e9. <\/p>\n<p>Y como la m\u00eda, hay historias a montones y siempre son divertidas para escuchar xDDD Ahora bien, lo que ya no entiendo es que en pleno siglo XXI le pongas a tus hijos\/as Filipa, Apple, Lhasa o Cruz (v\u00e9ase la familia Beckham) por nombre. A veces es de lo m\u00e1s descojonante leer en el periodico los nombres de los nuevos beb\u00e9s&#8230; Y digo yo, \u00bfestos padres se dan cuenta de que su hijo\/a tiene que vivir toda su vida con ese nombre? En fin&#8230; <\/p>\n<p>Contadme vuestras historias con los nombres y nos reimos juntos un rato \ud83d\ude09<\/p>\n<p>Con esto y un bizcocho&#8230; Besos<br \/>Cris<\/p>\n<p>PS: \u00a1Felicidades, papi! ^____^<\/p>\n","protected":false},"excerpt":{"rendered":"<p>Seguro que todos ten\u00e9is, o conoc\u00e9is a alguien que tiene, una historia que contar acerca de su nombre. Por ejemplo, un ex-compa\u00f1ero y amigo de Christoph se llama oficialmente Markus Oliver porque a su padre se le cruzaron los cables en el registro y le dio la vuelta a los nombres que hab\u00edan pensado darle. [&hellip;]<\/p>\n","protected":false},"author":3,"featured_media":0,"comment_status":"open","ping_status":"closed","sticky":false,"template":"","format":"standard","meta":{"footnotes":""},"categories":[],"tags":[],"class_list":["post-147","post","type-post","status-publish","format-standard","hentry"],"_links":{"self":[{"href":"https:\/\/blog.lapecera.ch\/index.php?rest_route=\/wp\/v2\/posts\/147","targetHints":{"allow":["GET"]}}],"collection":[{"href":"https:\/\/blog.lapecera.ch\/index.php?rest_route=\/wp\/v2\/posts"}],"about":[{"href":"https:\/\/blog.lapecera.ch\/index.php?rest_route=\/wp\/v2\/types\/post"}],"author":[{"embeddable":true,"href":"https:\/\/blog.lapecera.ch\/index.php?rest_route=\/wp\/v2\/users\/3"}],"replies":[{"embeddable":true,"href":"https:\/\/blog.lapecera.ch\/index.php?rest_route=%2Fwp%2Fv2%2Fcomments&post=147"}],"version-history":[{"count":0,"href":"https:\/\/blog.lapecera.ch\/index.php?rest_route=\/wp\/v2\/posts\/147\/revisions"}],"wp:attachment":[{"href":"https:\/\/blog.lapecera.ch\/index.php?rest_route=%2Fwp%2Fv2%2Fmedia&parent=147"}],"wp:term":[{"taxonomy":"category","embeddable":true,"href":"https:\/\/blog.lapecera.ch\/index.php?rest_route=%2Fwp%2Fv2%2Fcategories&post=147"},{"taxonomy":"post_tag","embeddable":true,"href":"https:\/\/blog.lapecera.ch\/index.php?rest_route=%2Fwp%2Fv2%2Ftags&post=147"}],"curies":[{"name":"wp","href":"https:\/\/api.w.org\/{rel}","templated":true}]}}