{"id":1467,"date":"2010-08-16T16:50:08","date_gmt":"2010-08-16T14:50:08","guid":{"rendered":"http:\/\/lapecera.ch\/?p=1467"},"modified":"2010-08-16T16:50:08","modified_gmt":"2010-08-16T14:50:08","slug":"mis-vecinas-las-aranas","status":"publish","type":"post","link":"https:\/\/blog.lapecera.ch\/?p=1467","title":{"rendered":"Mis vecinas, las ara\u00f1as"},"content":{"rendered":"<blockquote><p>Country Roads, take me home<br \/>\nto the place I belong<br \/>\nWest Virginia, Mountain Momma<br \/>\nTake me home, Country Roads<br \/>\n<span style=\"font-size:75%;\">\u00abTake Me Home, Country Roads\u00bb, John Denver<\/span><\/p><\/blockquote>\n<p>Este fin de semana he hecho tantas cosas diferentes que no s\u00e9 que t\u00edtulo ponerle al post xDD En fin, empecemos por delante&#8230; que despu\u00e9s de todo llevo desde el martes sin escribir \ud83d\ude1b Durante la semana se me fue acumulando el trabajo hasta el viernes y el s\u00e1bado que se me cay\u00f3 todo encima. Cinco buenas horas me pas\u00e9 el s\u00e1bado sentada al ordenador rellenando protocolos, para que al final se me olvidase iniciar los tests autom\u00e1ticos, en fines&#8230; xDD<\/p>\n<p>El viernes estuvimos en Basel en el festival de Jazz en la calle que organizan todos los a\u00f1os: <a href=\"http:\/\/www.embebbisyjazz.ch\/\" target=\"_blank\">Em Bebby sy Jazz<\/a>. A la m\u00fasica no le prest\u00e9 especial atenci\u00f3n, la verdad, salvo quiz\u00e1 a la tipa que estaba cantando &#8220;It&#8217;s oh so quiet&#8221; en Marktplatz, que apetec\u00eda bajarla del escenario de los pelos \u00ac\u00ac Lo pas\u00e9 muy bien y me gust\u00f3 mucho ver a tanta gente conocida que llevaba mucho tiempo sin ver y no hablo s\u00f3lo de los Hubis y los Silvi@s, sino de Jose Luis, Silvia, Benito, Vanessa&#8230; Adem\u00e1s, conocimos gente nueva, que siempre viene bien&#8230; ^____^<\/p>\n<p>Una de las cosas que hice este fin de semana fue instalar mi <a href=\"http:\/\/www.wacom.com\/bamboo\/bamboo_pen_touch.php\" target=\"_blank\">Bamboo Pen&#038;Touch<\/a> en el PC (y casi cargarme mi port\u00e1til, pero eso es tema aparte v.v). Resulta que desde la \u00faltima vez que la hab\u00eda usado, han cambiado muchas cosas, entre otras, el programa principal de control (y los drivers). Lo que yo quer\u00eda hacer era cambiar el cartelito de mis nuevos <em>bookmarks<\/em> para ponerlos <a href=\"http:\/\/lapecera.ch\/wp-content\/uploads\/2010\/08\/compartir.png\" rel=\"example3\" title=\"Sharing is sexy. Sexybookmarks *___*\">en espa\u00f1ol y con mi letra<\/a>. Entre otras cosas, al final, a las tres de la ma\u00f1ana del s\u00e1bado acab\u00e9 haciendo mi primera animaci\u00f3n \ud83d\ude1b \u00edHala! R\u00edanse ustedes un rato ^___^<\/p>\n<p><object width=\"560\" height=\"340\"><param name=\"movie\" value=\"http:\/\/www.youtube.com\/v\/36d4QOKlq8g&amp;hl=en_US&amp;fs=1?color1=0x5d1719&amp;color2=0xcd311b\"><\/param><param name=\"allowFullScreen\" value=\"true\"><\/param><param name=\"allowscriptaccess\" value=\"always\"><\/param><embed src=\"http:\/\/www.youtube.com\/v\/36d4QOKlq8g&amp;hl=en_US&amp;fs=1?color1=0x5d1719&amp;color2=0xcd311b\" type=\"application\/x-shockwave-flash\" allowscriptaccess=\"always\" allowfullscreen=\"true\" width=\"560\" height=\"340\"><\/embed><\/object><\/p>\n<p>El s\u00e1bado entre protocolo y protocolo y <em>bug<\/em> y <em>GAP<\/em> termin\u00e9 de leer <a href=\"http:\/\/lapecera.ch\/wp-content\/uploads\/2010\/08\/ARED.jpg\">Amy and Roger&#8217;s epic detour<\/a> de Morgan Matson en el iPhone. De todas las novelas juveniles que he le\u00eddo en los \u00faltimos meses \u00e9sta es una de mis favoritas junto a &#8220;The Sky is everywhere&#8221; de Jandy Nelson y &#8220;Going too far&#8221; de Jennifer Echols. <\/p>\n<p>[spoiler]La historia de A&#038;R no es nada complicada, como el propio t\u00edtulo indica trata sobre un <em>tour<\/em>, o mejor dicho, el desv\u00edo de la ruta que toman. La madre de Amy hab\u00eda planificado para Roger y su hija un viaje de cuatro d\u00edas cruzando los EEUU desde Califonia hasta Connecticut para, entre otras cosas, llevar el coche de la familia a su nuevo hogar donde era necesitado. La ruta que su madre hab\u00eda elegido era especialmente aburrida y basada en el kilometraje, as\u00ed que Amy en un acto de semirebeld\u00eda producido por acontecimientos recientes toma la decisi\u00f3n apoyada por Roger, de dar un rodeo. De esta forma, en vez de conducir directamente hacia Gallup en Nuevo M\u00e9xico, deciden visitar el Parque Nacional de Yosemite, de ah\u00ed salen hacia Nevada por la ruta 50, <em>The Loneliest Road in America<\/em>. Durante ese viaje, que dura bastante m\u00e1s que cuatro d\u00edas, vemos a los dos protagonistas conocerse y crecer en la adversidad: Amy acaba de perder a su padre, a Roger le ha dejado la chica de la que estaba enamorado. A trav\u00e9s de las palabras de Amy y algunos <em>flashbacks<\/em> vamos conociendo que se esconde dentro de esta chica y la vemos resurgir de sus cenizas. Est\u00e1 contado de una forma fresca y din\u00e1mica, lo que se agradece teniendo en cuenta que te est\u00e1 contando un viaje. El punto dram\u00e1tico est\u00e1 tratado con delicadez y hasta sutilieza, sin sensacionalismo, en la medida justa para que empatices con los protagonistas. No he podido encontrarle ning\u00fan fallo grave, salvo quiz\u00e1 el hecho de que no hay un pico en la acci\u00f3n, \u00e9sta es m\u00e1s bien lineal, movi\u00e9ndose de estado en estado sin nada especialmente emocionante, aparte del viaje en s\u00ed y la evoluci\u00f3n positiva de Amy (bueno, y los \u00faltimos cuatro-cinco cap\u00edtulos *_____*). El final, si bien l\u00f3gico, me dej\u00f3 con ganas de saber m\u00e1s, pero eso suele pasarme con estos libros, sobre todo, porque no soy amiga de fanfics y no me gusta quedarme con la pregunta de &#8220;And what happens next?&#8221; colgada de la lengua. De todas formas, es un libro muy recomendable. Entretenido, tierno y divertido. Y hasta educador, de repente tengo mejor conocimiento de la geograf\u00eda estadounidense xP[\/spoiler]<\/p>\n<p>Esta semana tambi\u00e9n he intentado empezar con &#8220;Splitterherz&#8221; de Bettina Belitz. Bueno, de hecho empec\u00e9, pero llevarme 600 p\u00e1ginas de tapa dura en mi bolso era demasiado complicado y como, adem\u00e1s, no acaba de engancharme, decid\u00ed cambiar de libro. Eso pas\u00f3 cuando me lleg\u00f3 el libro de la pel\u00edcula <a href=\"http:\/\/lapecera.ch\/2010\/06\/groupies-bleiben-nicht-zum-fruhstuck\/\" target=\"_blank\">Groupies bleiben nicht zum Fr\u00fchst\u00fcck<\/a>, el cual despu\u00e9s de 10 p\u00e1ginas creo que yo podr\u00eda haber escrito mejor&#8230; y en alem\u00e1n \u00ac\u00ac De momento no es muy prometedor. Si no fuera porque me interesa la historia, se lo mandaba de vuelta a Amazon \ud83d\ude41<\/p>\n<p>Y ahora os dejo, que se est\u00e1 haciendo tarde y todav\u00eda tengo que terminar unas cosas antes de salir a mojarme para ir al cumplea\u00f1os de Dominik. \u00a1Ah, s\u00ed! Que se me olvidaba: \u00bfQu\u00e9 os parece como queda La Pecera de <a href=\"http:\/\/lapecera.ch\/blog\" target=\"_blank\">esta guisa<\/a>? Se admiten sugerencias \ud83d\ude09<\/p>\n<p>Con esto y un bizcocho&#8230; Besos<br \/>\nCris<\/p>\n<p>PS: Sobre la pelea que tuve con las ara\u00f1as de mi ventana, s\u00f3lo consegu\u00ed limpiar una, la del sal\u00f3n y eso me llev\u00f3 gran parte de la tarde del domingo&#8230; al menos, qued\u00f3 limpia y sin telas de ara\u00f1a&#8230; La pr\u00f3xima ser\u00e1 la del estudio :S<\/p>\n","protected":false},"excerpt":{"rendered":"<p>Country Roads, take me home to the place I belong West Virginia, Mountain Momma Take me home, Country Roads \u00abTake Me Home, Country Roads\u00bb, John Denver Este fin de semana he hecho tantas cosas diferentes que no s\u00e9 que t\u00edtulo ponerle al post xDD En fin, empecemos por delante&#8230; que despu\u00e9s de todo llevo desde [&hellip;]<\/p>\n","protected":false},"author":3,"featured_media":0,"comment_status":"open","ping_status":"closed","sticky":false,"template":"","format":"standard","meta":{"footnotes":""},"categories":[],"tags":[],"class_list":["post-1467","post","type-post","status-publish","format-standard","hentry"],"_links":{"self":[{"href":"https:\/\/blog.lapecera.ch\/index.php?rest_route=\/wp\/v2\/posts\/1467","targetHints":{"allow":["GET"]}}],"collection":[{"href":"https:\/\/blog.lapecera.ch\/index.php?rest_route=\/wp\/v2\/posts"}],"about":[{"href":"https:\/\/blog.lapecera.ch\/index.php?rest_route=\/wp\/v2\/types\/post"}],"author":[{"embeddable":true,"href":"https:\/\/blog.lapecera.ch\/index.php?rest_route=\/wp\/v2\/users\/3"}],"replies":[{"embeddable":true,"href":"https:\/\/blog.lapecera.ch\/index.php?rest_route=%2Fwp%2Fv2%2Fcomments&post=1467"}],"version-history":[{"count":0,"href":"https:\/\/blog.lapecera.ch\/index.php?rest_route=\/wp\/v2\/posts\/1467\/revisions"}],"wp:attachment":[{"href":"https:\/\/blog.lapecera.ch\/index.php?rest_route=%2Fwp%2Fv2%2Fmedia&parent=1467"}],"wp:term":[{"taxonomy":"category","embeddable":true,"href":"https:\/\/blog.lapecera.ch\/index.php?rest_route=%2Fwp%2Fv2%2Fcategories&post=1467"},{"taxonomy":"post_tag","embeddable":true,"href":"https:\/\/blog.lapecera.ch\/index.php?rest_route=%2Fwp%2Fv2%2Ftags&post=1467"}],"curies":[{"name":"wp","href":"https:\/\/api.w.org\/{rel}","templated":true}]}}